{"id":1243,"date":"2026-02-02T11:26:52","date_gmt":"2026-02-02T10:26:52","guid":{"rendered":"https:\/\/neu.holweide-bv.de\/?p=1243"},"modified":"2026-02-02T11:26:52","modified_gmt":"2026-02-02T10:26:52","slug":"holweide-hoert-2024","status":"publish","type":"post","link":"https:\/\/www.holweide-bv.de\/index.php\/2026\/02\/02\/holweide-hoert-2024\/","title":{"rendered":"Holweide h\u00f6rt 2024"},"content":{"rendered":"<p>Am Wochenende hei\u00dft es: Holweide zeigt sich! Den Auftakt machen am Samstag die Holweider Vereine KG Die Burgw\u00e4chter vun Hollwigg e.V., KG ,, Die Isenburger&#8220; K\u00f6ln-Holweide 1974 e.V. , Sebastianus Sch\u00fctzenbruderschaft K\u00f6ln Holweide , F\u00f6rderverein Holweide und B\u00fcrgervereinigung K\u00f6ln-Holweide e.V. mit Holweide Feiert 2024.<\/p>\n<p>Freut Euch auf ein tolles Programm mit K\u00f6lsch, Schlager, Spitzeb\u00f6tzje Pop, Kinderolympiade und toller Stimmung. Am Abend erwartet Euch dann eine 90er Jahre Party. Ein kleines Symbol, denn die B\u00fcrgervereinigung wird im Juni 99 Jahre alt.<\/p>\n<p>F\u00fcr uns als B\u00fcrgervereinigung ist das Fest also mehr als ein besonderer Anlass: Wir beginnen an diesem Wochenende unser gro\u00dfes 100. Jubil\u00e4umsjahr. Im Juni 2025 werden wir dann 100! Kommt vorbei &#8211; auch am Sonntag.<\/p>\n<p>Da geht es auf dem Marktplatz weiter. Holweide zeigt sich auf dem Markt der M\u00f6glichkeiten. Informiert Euch an den St\u00e4nden \u00fcber die vielf\u00e4ltigen Angebote, die Holweide zu bieten hat und genie\u00dft das B\u00fchnenprogramm mit Zirkus Zappelino, Uli&amp;Peter, Pizze Kat u.v.m. Auch wir sind mit einem Stand vertreten. Organisiert wird der Sonntag von der Stadtteilkonferenz.<\/p>\n","protected":false},"excerpt":{"rendered":"<p>Am Wochenende hei\u00dft es: Holweide zeigt sich! Den Auftakt machen am Samstag die Holweider Vereine KG Die Burgw\u00e4chter vun Hollwigg e.V., KG ,, Die Isenburger&#8220; K\u00f6ln-Holweide 1974 e.V. , Sebastianus Sch\u00fctzenbruderschaft K\u00f6ln Holweide , F\u00f6rderverein Holweide und B\u00fcrgervereinigung K\u00f6ln-Holweide e.V. mit Holweide Feiert 2024. Freut Euch auf ein tolles Programm mit K\u00f6lsch, Schlager, Spitzeb\u00f6tzje Pop, Kinderolympiade und toller Stimmung. Am Abend erwartet Euch dann eine 90er Jahre Party. Ein kleines Symbol, denn die B\u00fcrgervereinigung wird im Juni 99 Jahre alt. F\u00fcr uns als B\u00fcrgervereinigung ist das Fest also mehr als ein besonderer Anlass: Wir beginnen an diesem Wochenende unser gro\u00dfes 100. Jubil\u00e4umsjahr. Im Juni 2025 werden wir dann 100! Kommt vorbei &#8211; auch am Sonntag. Da geht es auf dem Marktplatz weiter. Holweide zeigt sich auf dem Markt der M\u00f6glichkeiten. Informiert Euch an den St\u00e4nden \u00fcber die vielf\u00e4ltigen Angebote, die Holweide zu bieten hat und genie\u00dft das B\u00fchnenprogramm mit Zirkus Zappelino, Uli&amp;Peter, Pizze Kat u.v.m. Auch wir sind mit einem Stand vertreten. Organisiert wird der Sonntag von der Stadtteilkonferenz.<\/p>\n","protected":false},"author":2,"featured_media":1244,"comment_status":"open","ping_status":"open","sticky":false,"template":"","format":"standard","meta":{"footnotes":""},"categories":[1],"tags":[],"class_list":["post-1243","post","type-post","status-publish","format-standard","has-post-thumbnail","hentry","category-allgemein"],"yoast_head":"<!-- This site is optimized with the Yoast SEO plugin v27.5 - https:\/\/yoast.com\/product\/yoast-seo-wordpress\/ -->\n<title>Holweide h\u00f6rt 2024 - B\u00fcrgervereinigung Holweide<\/title>\n<meta name=\"robots\" content=\"index, follow, max-snippet:-1, max-image-preview:large, max-video-preview:-1\" \/>\n<link rel=\"canonical\" href=\"https:\/\/www.holweide-bv.de\/index.php\/2026\/02\/02\/holweide-hoert-2024\/\" \/>\n<meta property=\"og:locale\" content=\"de_DE\" \/>\n<meta property=\"og:type\" content=\"article\" \/>\n<meta property=\"og:title\" content=\"Holweide h\u00f6rt 2024 - B\u00fcrgervereinigung Holweide\" \/>\n<meta property=\"og:description\" content=\"Am Wochenende hei\u00dft es: Holweide zeigt sich! Den Auftakt machen am Samstag die Holweider Vereine KG Die Burgw\u00e4chter vun Hollwigg e.V., KG ,, Die Isenburger&#8220; K\u00f6ln-Holweide 1974 e.V. , Sebastianus Sch\u00fctzenbruderschaft K\u00f6ln Holweide , F\u00f6rderverein Holweide und B\u00fcrgervereinigung K\u00f6ln-Holweide e.V. mit Holweide Feiert 2024. Freut Euch auf ein tolles Programm mit K\u00f6lsch, Schlager, Spitzeb\u00f6tzje Pop, Kinderolympiade und toller Stimmung. Am Abend erwartet Euch dann eine 90er Jahre Party. Ein kleines Symbol, denn die B\u00fcrgervereinigung wird im Juni 99 Jahre alt. F\u00fcr uns als B\u00fcrgervereinigung ist das Fest also mehr als ein besonderer Anlass: Wir beginnen an diesem Wochenende unser gro\u00dfes 100. Jubil\u00e4umsjahr. Im Juni 2025 werden wir dann 100! Kommt vorbei &#8211; auch am Sonntag. Da geht es auf dem Marktplatz weiter. Holweide zeigt sich auf dem Markt der M\u00f6glichkeiten. Informiert Euch an den St\u00e4nden \u00fcber die vielf\u00e4ltigen Angebote, die Holweide zu bieten hat und genie\u00dft das B\u00fchnenprogramm mit Zirkus Zappelino, Uli&amp;Peter, Pizze Kat u.v.m. Auch wir sind mit einem Stand vertreten. Organisiert wird der Sonntag von der Stadtteilkonferenz.\" \/>\n<meta property=\"og:url\" content=\"https:\/\/www.holweide-bv.de\/index.php\/2026\/02\/02\/holweide-hoert-2024\/\" \/>\n<meta property=\"og:site_name\" content=\"B\u00fcrgervereinigung Holweide\" \/>\n<meta property=\"article:published_time\" content=\"2026-02-02T10:26:52+00:00\" \/>\n<meta property=\"og:image\" content=\"https:\/\/www.holweide-bv.de\/wp-content\/uploads\/2026\/02\/Holweide-hort-2024.jpg\" \/>\n\t<meta property=\"og:image:width\" content=\"1366\" \/>\n\t<meta property=\"og:image:height\" content=\"1960\" \/>\n\t<meta property=\"og:image:type\" content=\"image\/jpeg\" \/>\n<meta name=\"author\" content=\"Karin Austmeyer\" \/>\n<meta name=\"twitter:card\" content=\"summary_large_image\" \/>\n<meta name=\"twitter:label1\" content=\"Verfasst von\" \/>\n\t<meta name=\"twitter:data1\" content=\"Karin Austmeyer\" \/>\n\t<meta name=\"twitter:label2\" content=\"Gesch\u00e4tzte Lesezeit\" \/>\n\t<meta name=\"twitter:data2\" content=\"2\u00a0Minuten\" \/>\n<script type=\"application\/ld+json\" class=\"yoast-schema-graph\">{\"@context\":\"https:\\\/\\\/schema.org\",\"@graph\":[{\"@type\":\"Article\",\"@id\":\"https:\\\/\\\/www.holweide-bv.de\\\/index.php\\\/2026\\\/02\\\/02\\\/holweide-hoert-2024\\\/#article\",\"isPartOf\":{\"@id\":\"https:\\\/\\\/www.holweide-bv.de\\\/index.php\\\/2026\\\/02\\\/02\\\/holweide-hoert-2024\\\/\"},\"author\":{\"name\":\"Karin Austmeyer\",\"@id\":\"https:\\\/\\\/www.holweide-bv.de\\\/#\\\/schema\\\/person\\\/5518bd6a798dd9d8a24693afc92a12c4\"},\"headline\":\"Holweide h\u00f6rt 2024\",\"datePublished\":\"2026-02-02T10:26:52+00:00\",\"mainEntityOfPage\":{\"@id\":\"https:\\\/\\\/www.holweide-bv.de\\\/index.php\\\/2026\\\/02\\\/02\\\/holweide-hoert-2024\\\/\"},\"wordCount\":190,\"commentCount\":0,\"image\":{\"@id\":\"https:\\\/\\\/www.holweide-bv.de\\\/index.php\\\/2026\\\/02\\\/02\\\/holweide-hoert-2024\\\/#primaryimage\"},\"thumbnailUrl\":\"https:\\\/\\\/www.holweide-bv.de\\\/wp-content\\\/uploads\\\/2026\\\/02\\\/Holweide-hort-2024.jpg\",\"inLanguage\":\"de\",\"potentialAction\":[{\"@type\":\"CommentAction\",\"name\":\"Comment\",\"target\":[\"https:\\\/\\\/www.holweide-bv.de\\\/index.php\\\/2026\\\/02\\\/02\\\/holweide-hoert-2024\\\/#respond\"]}]},{\"@type\":\"WebPage\",\"@id\":\"https:\\\/\\\/www.holweide-bv.de\\\/index.php\\\/2026\\\/02\\\/02\\\/holweide-hoert-2024\\\/\",\"url\":\"https:\\\/\\\/www.holweide-bv.de\\\/index.php\\\/2026\\\/02\\\/02\\\/holweide-hoert-2024\\\/\",\"name\":\"Holweide h\u00f6rt 2024 - B\u00fcrgervereinigung Holweide\",\"isPartOf\":{\"@id\":\"https:\\\/\\\/www.holweide-bv.de\\\/#website\"},\"primaryImageOfPage\":{\"@id\":\"https:\\\/\\\/www.holweide-bv.de\\\/index.php\\\/2026\\\/02\\\/02\\\/holweide-hoert-2024\\\/#primaryimage\"},\"image\":{\"@id\":\"https:\\\/\\\/www.holweide-bv.de\\\/index.php\\\/2026\\\/02\\\/02\\\/holweide-hoert-2024\\\/#primaryimage\"},\"thumbnailUrl\":\"https:\\\/\\\/www.holweide-bv.de\\\/wp-content\\\/uploads\\\/2026\\\/02\\\/Holweide-hort-2024.jpg\",\"datePublished\":\"2026-02-02T10:26:52+00:00\",\"author\":{\"@id\":\"https:\\\/\\\/www.holweide-bv.de\\\/#\\\/schema\\\/person\\\/5518bd6a798dd9d8a24693afc92a12c4\"},\"breadcrumb\":{\"@id\":\"https:\\\/\\\/www.holweide-bv.de\\\/index.php\\\/2026\\\/02\\\/02\\\/holweide-hoert-2024\\\/#breadcrumb\"},\"inLanguage\":\"de\",\"potentialAction\":[{\"@type\":\"ReadAction\",\"target\":[\"https:\\\/\\\/www.holweide-bv.de\\\/index.php\\\/2026\\\/02\\\/02\\\/holweide-hoert-2024\\\/\"]}]},{\"@type\":\"ImageObject\",\"inLanguage\":\"de\",\"@id\":\"https:\\\/\\\/www.holweide-bv.de\\\/index.php\\\/2026\\\/02\\\/02\\\/holweide-hoert-2024\\\/#primaryimage\",\"url\":\"https:\\\/\\\/www.holweide-bv.de\\\/wp-content\\\/uploads\\\/2026\\\/02\\\/Holweide-hort-2024.jpg\",\"contentUrl\":\"https:\\\/\\\/www.holweide-bv.de\\\/wp-content\\\/uploads\\\/2026\\\/02\\\/Holweide-hort-2024.jpg\",\"width\":1366,\"height\":1960},{\"@type\":\"BreadcrumbList\",\"@id\":\"https:\\\/\\\/www.holweide-bv.de\\\/index.php\\\/2026\\\/02\\\/02\\\/holweide-hoert-2024\\\/#breadcrumb\",\"itemListElement\":[{\"@type\":\"ListItem\",\"position\":1,\"name\":\"Start\",\"item\":\"https:\\\/\\\/www.holweide-bv.de\\\/\"},{\"@type\":\"ListItem\",\"position\":2,\"name\":\"Holweide h\u00f6rt 2024\"}]},{\"@type\":\"WebSite\",\"@id\":\"https:\\\/\\\/www.holweide-bv.de\\\/#website\",\"url\":\"https:\\\/\\\/www.holweide-bv.de\\\/\",\"name\":\"B\u00fcrgervereinigung Holweide\",\"description\":\"\",\"potentialAction\":[{\"@type\":\"SearchAction\",\"target\":{\"@type\":\"EntryPoint\",\"urlTemplate\":\"https:\\\/\\\/www.holweide-bv.de\\\/?s={search_term_string}\"},\"query-input\":{\"@type\":\"PropertyValueSpecification\",\"valueRequired\":true,\"valueName\":\"search_term_string\"}}],\"inLanguage\":\"de\"},{\"@type\":\"Person\",\"@id\":\"https:\\\/\\\/www.holweide-bv.de\\\/#\\\/schema\\\/person\\\/5518bd6a798dd9d8a24693afc92a12c4\",\"name\":\"Karin Austmeyer\",\"image\":{\"@type\":\"ImageObject\",\"inLanguage\":\"de\",\"@id\":\"https:\\\/\\\/secure.gravatar.com\\\/avatar\\\/9dd43533f48be781153ac9ee009f117749fc8e1ccaf95b57942f7e67596d6bdb?s=96&d=mm&r=g\",\"url\":\"https:\\\/\\\/secure.gravatar.com\\\/avatar\\\/9dd43533f48be781153ac9ee009f117749fc8e1ccaf95b57942f7e67596d6bdb?s=96&d=mm&r=g\",\"contentUrl\":\"https:\\\/\\\/secure.gravatar.com\\\/avatar\\\/9dd43533f48be781153ac9ee009f117749fc8e1ccaf95b57942f7e67596d6bdb?s=96&d=mm&r=g\",\"caption\":\"Karin Austmeyer\"},\"url\":\"https:\\\/\\\/www.holweide-bv.de\\\/index.php\\\/author\\\/karin\\\/\"}]}<\/script>\n<!-- \/ Yoast SEO plugin. -->","yoast_head_json":{"title":"Holweide h\u00f6rt 2024 - B\u00fcrgervereinigung Holweide","robots":{"index":"index","follow":"follow","max-snippet":"max-snippet:-1","max-image-preview":"max-image-preview:large","max-video-preview":"max-video-preview:-1"},"canonical":"https:\/\/www.holweide-bv.de\/index.php\/2026\/02\/02\/holweide-hoert-2024\/","og_locale":"de_DE","og_type":"article","og_title":"Holweide h\u00f6rt 2024 - B\u00fcrgervereinigung Holweide","og_description":"Am Wochenende hei\u00dft es: Holweide zeigt sich! Den Auftakt machen am Samstag die Holweider Vereine KG Die Burgw\u00e4chter vun Hollwigg e.V., KG ,, Die Isenburger&#8220; K\u00f6ln-Holweide 1974 e.V. , Sebastianus Sch\u00fctzenbruderschaft K\u00f6ln Holweide , F\u00f6rderverein Holweide und B\u00fcrgervereinigung K\u00f6ln-Holweide e.V. mit Holweide Feiert 2024. Freut Euch auf ein tolles Programm mit K\u00f6lsch, Schlager, Spitzeb\u00f6tzje Pop, Kinderolympiade und toller Stimmung. Am Abend erwartet Euch dann eine 90er Jahre Party. Ein kleines Symbol, denn die B\u00fcrgervereinigung wird im Juni 99 Jahre alt. F\u00fcr uns als B\u00fcrgervereinigung ist das Fest also mehr als ein besonderer Anlass: Wir beginnen an diesem Wochenende unser gro\u00dfes 100. Jubil\u00e4umsjahr. Im Juni 2025 werden wir dann 100! Kommt vorbei &#8211; auch am Sonntag. Da geht es auf dem Marktplatz weiter. Holweide zeigt sich auf dem Markt der M\u00f6glichkeiten. Informiert Euch an den St\u00e4nden \u00fcber die vielf\u00e4ltigen Angebote, die Holweide zu bieten hat und genie\u00dft das B\u00fchnenprogramm mit Zirkus Zappelino, Uli&amp;Peter, Pizze Kat u.v.m. Auch wir sind mit einem Stand vertreten. Organisiert wird der Sonntag von der Stadtteilkonferenz.","og_url":"https:\/\/www.holweide-bv.de\/index.php\/2026\/02\/02\/holweide-hoert-2024\/","og_site_name":"B\u00fcrgervereinigung Holweide","article_published_time":"2026-02-02T10:26:52+00:00","og_image":[{"width":1366,"height":1960,"url":"https:\/\/www.holweide-bv.de\/wp-content\/uploads\/2026\/02\/Holweide-hort-2024.jpg","type":"image\/jpeg"}],"author":"Karin Austmeyer","twitter_card":"summary_large_image","twitter_misc":{"Verfasst von":"Karin Austmeyer","Gesch\u00e4tzte Lesezeit":"2\u00a0Minuten"},"schema":{"@context":"https:\/\/schema.org","@graph":[{"@type":"Article","@id":"https:\/\/www.holweide-bv.de\/index.php\/2026\/02\/02\/holweide-hoert-2024\/#article","isPartOf":{"@id":"https:\/\/www.holweide-bv.de\/index.php\/2026\/02\/02\/holweide-hoert-2024\/"},"author":{"name":"Karin Austmeyer","@id":"https:\/\/www.holweide-bv.de\/#\/schema\/person\/5518bd6a798dd9d8a24693afc92a12c4"},"headline":"Holweide h\u00f6rt 2024","datePublished":"2026-02-02T10:26:52+00:00","mainEntityOfPage":{"@id":"https:\/\/www.holweide-bv.de\/index.php\/2026\/02\/02\/holweide-hoert-2024\/"},"wordCount":190,"commentCount":0,"image":{"@id":"https:\/\/www.holweide-bv.de\/index.php\/2026\/02\/02\/holweide-hoert-2024\/#primaryimage"},"thumbnailUrl":"https:\/\/www.holweide-bv.de\/wp-content\/uploads\/2026\/02\/Holweide-hort-2024.jpg","inLanguage":"de","potentialAction":[{"@type":"CommentAction","name":"Comment","target":["https:\/\/www.holweide-bv.de\/index.php\/2026\/02\/02\/holweide-hoert-2024\/#respond"]}]},{"@type":"WebPage","@id":"https:\/\/www.holweide-bv.de\/index.php\/2026\/02\/02\/holweide-hoert-2024\/","url":"https:\/\/www.holweide-bv.de\/index.php\/2026\/02\/02\/holweide-hoert-2024\/","name":"Holweide h\u00f6rt 2024 - B\u00fcrgervereinigung Holweide","isPartOf":{"@id":"https:\/\/www.holweide-bv.de\/#website"},"primaryImageOfPage":{"@id":"https:\/\/www.holweide-bv.de\/index.php\/2026\/02\/02\/holweide-hoert-2024\/#primaryimage"},"image":{"@id":"https:\/\/www.holweide-bv.de\/index.php\/2026\/02\/02\/holweide-hoert-2024\/#primaryimage"},"thumbnailUrl":"https:\/\/www.holweide-bv.de\/wp-content\/uploads\/2026\/02\/Holweide-hort-2024.jpg","datePublished":"2026-02-02T10:26:52+00:00","author":{"@id":"https:\/\/www.holweide-bv.de\/#\/schema\/person\/5518bd6a798dd9d8a24693afc92a12c4"},"breadcrumb":{"@id":"https:\/\/www.holweide-bv.de\/index.php\/2026\/02\/02\/holweide-hoert-2024\/#breadcrumb"},"inLanguage":"de","potentialAction":[{"@type":"ReadAction","target":["https:\/\/www.holweide-bv.de\/index.php\/2026\/02\/02\/holweide-hoert-2024\/"]}]},{"@type":"ImageObject","inLanguage":"de","@id":"https:\/\/www.holweide-bv.de\/index.php\/2026\/02\/02\/holweide-hoert-2024\/#primaryimage","url":"https:\/\/www.holweide-bv.de\/wp-content\/uploads\/2026\/02\/Holweide-hort-2024.jpg","contentUrl":"https:\/\/www.holweide-bv.de\/wp-content\/uploads\/2026\/02\/Holweide-hort-2024.jpg","width":1366,"height":1960},{"@type":"BreadcrumbList","@id":"https:\/\/www.holweide-bv.de\/index.php\/2026\/02\/02\/holweide-hoert-2024\/#breadcrumb","itemListElement":[{"@type":"ListItem","position":1,"name":"Start","item":"https:\/\/www.holweide-bv.de\/"},{"@type":"ListItem","position":2,"name":"Holweide h\u00f6rt 2024"}]},{"@type":"WebSite","@id":"https:\/\/www.holweide-bv.de\/#website","url":"https:\/\/www.holweide-bv.de\/","name":"B\u00fcrgervereinigung Holweide","description":"","potentialAction":[{"@type":"SearchAction","target":{"@type":"EntryPoint","urlTemplate":"https:\/\/www.holweide-bv.de\/?s={search_term_string}"},"query-input":{"@type":"PropertyValueSpecification","valueRequired":true,"valueName":"search_term_string"}}],"inLanguage":"de"},{"@type":"Person","@id":"https:\/\/www.holweide-bv.de\/#\/schema\/person\/5518bd6a798dd9d8a24693afc92a12c4","name":"Karin Austmeyer","image":{"@type":"ImageObject","inLanguage":"de","@id":"https:\/\/secure.gravatar.com\/avatar\/9dd43533f48be781153ac9ee009f117749fc8e1ccaf95b57942f7e67596d6bdb?s=96&d=mm&r=g","url":"https:\/\/secure.gravatar.com\/avatar\/9dd43533f48be781153ac9ee009f117749fc8e1ccaf95b57942f7e67596d6bdb?s=96&d=mm&r=g","contentUrl":"https:\/\/secure.gravatar.com\/avatar\/9dd43533f48be781153ac9ee009f117749fc8e1ccaf95b57942f7e67596d6bdb?s=96&d=mm&r=g","caption":"Karin Austmeyer"},"url":"https:\/\/www.holweide-bv.de\/index.php\/author\/karin\/"}]}},"_links":{"self":[{"href":"https:\/\/www.holweide-bv.de\/index.php\/wp-json\/wp\/v2\/posts\/1243","targetHints":{"allow":["GET"]}}],"collection":[{"href":"https:\/\/www.holweide-bv.de\/index.php\/wp-json\/wp\/v2\/posts"}],"about":[{"href":"https:\/\/www.holweide-bv.de\/index.php\/wp-json\/wp\/v2\/types\/post"}],"author":[{"embeddable":true,"href":"https:\/\/www.holweide-bv.de\/index.php\/wp-json\/wp\/v2\/users\/2"}],"replies":[{"embeddable":true,"href":"https:\/\/www.holweide-bv.de\/index.php\/wp-json\/wp\/v2\/comments?post=1243"}],"version-history":[{"count":1,"href":"https:\/\/www.holweide-bv.de\/index.php\/wp-json\/wp\/v2\/posts\/1243\/revisions"}],"predecessor-version":[{"id":1245,"href":"https:\/\/www.holweide-bv.de\/index.php\/wp-json\/wp\/v2\/posts\/1243\/revisions\/1245"}],"wp:featuredmedia":[{"embeddable":true,"href":"https:\/\/www.holweide-bv.de\/index.php\/wp-json\/wp\/v2\/media\/1244"}],"wp:attachment":[{"href":"https:\/\/www.holweide-bv.de\/index.php\/wp-json\/wp\/v2\/media?parent=1243"}],"wp:term":[{"taxonomy":"category","embeddable":true,"href":"https:\/\/www.holweide-bv.de\/index.php\/wp-json\/wp\/v2\/categories?post=1243"},{"taxonomy":"post_tag","embeddable":true,"href":"https:\/\/www.holweide-bv.de\/index.php\/wp-json\/wp\/v2\/tags?post=1243"}],"curies":[{"name":"wp","href":"https:\/\/api.w.org\/{rel}","templated":true}]}}