{"id":1253,"date":"2026-02-02T11:44:01","date_gmt":"2026-02-02T10:44:01","guid":{"rendered":"https:\/\/neu.holweide-bv.de\/?p=1253"},"modified":"2026-02-02T11:44:01","modified_gmt":"2026-02-02T10:44:01","slug":"holweider-adventsmarkt-2025","status":"publish","type":"post","link":"https:\/\/www.holweide-bv.de\/index.php\/2026\/02\/02\/holweider-adventsmarkt-2025\/","title":{"rendered":"Holweider Adventsmarkt 2025"},"content":{"rendered":"<p>Am 29. und 30.11. ist es wieder soweit:<br \/>\nAuch in diesem Jahr m\u00f6chten wir Sie herzlich einladen, die Adventszeit in stimmungsvollem Ambiente gemeinsam einzul\u00e4uten.<\/p>\n<p>Entdecken Sie auf unserem Adventsmarkt in der Maria-Himmelfahrt-Stra\u00dfe viele handgearbeitete Produkte. Freuen Sie sich auf die sch\u00f6ne weihnachtliche Atmosph\u00e4re. Genie\u00dfen Sie den traditionellen Kinderpunsch und Winzergl\u00fchwein. Au\u00dferdem gibt es viele kulinarische K\u00f6stlichkeiten f\u00fcr Gro\u00df und Klein.<\/p>\n<p>Und wie in jedem Jahr besucht der Nikolaus Sonntagnachmittag den Adventsmarkt.<\/p>\n<p>Wir freuen uns auf Sie und w\u00fcnschen Ihnen eine sch\u00f6ne Adventszeit.<\/p>\n","protected":false},"excerpt":{"rendered":"<p>Am 29. und 30.11. ist es wieder soweit: Auch in diesem Jahr m\u00f6chten wir Sie herzlich einladen, die Adventszeit in stimmungsvollem Ambiente gemeinsam einzul\u00e4uten. Entdecken Sie auf unserem Adventsmarkt in der Maria-Himmelfahrt-Stra\u00dfe viele handgearbeitete Produkte. Freuen Sie sich auf die sch\u00f6ne weihnachtliche Atmosph\u00e4re. Genie\u00dfen Sie den traditionellen Kinderpunsch und Winzergl\u00fchwein. Au\u00dferdem gibt es viele kulinarische K\u00f6stlichkeiten f\u00fcr Gro\u00df und Klein. Und wie in jedem Jahr besucht der Nikolaus Sonntagnachmittag den Adventsmarkt. Wir freuen uns auf Sie und w\u00fcnschen Ihnen eine sch\u00f6ne Adventszeit.<\/p>\n","protected":false},"author":2,"featured_media":0,"comment_status":"open","ping_status":"open","sticky":false,"template":"","format":"standard","meta":{"footnotes":""},"categories":[1],"tags":[],"class_list":["post-1253","post","type-post","status-publish","format-standard","hentry","category-allgemein"],"yoast_head":"<!-- This site is optimized with the Yoast SEO plugin v27.5 - https:\/\/yoast.com\/product\/yoast-seo-wordpress\/ -->\n<title>Holweider Adventsmarkt 2025 - B\u00fcrgervereinigung Holweide<\/title>\n<meta name=\"robots\" content=\"index, follow, max-snippet:-1, max-image-preview:large, max-video-preview:-1\" \/>\n<link rel=\"canonical\" href=\"https:\/\/www.holweide-bv.de\/index.php\/2026\/02\/02\/holweider-adventsmarkt-2025\/\" \/>\n<meta property=\"og:locale\" content=\"de_DE\" \/>\n<meta property=\"og:type\" content=\"article\" \/>\n<meta property=\"og:title\" content=\"Holweider Adventsmarkt 2025 - B\u00fcrgervereinigung Holweide\" \/>\n<meta property=\"og:description\" content=\"Am 29. und 30.11. ist es wieder soweit: Auch in diesem Jahr m\u00f6chten wir Sie herzlich einladen, die Adventszeit in stimmungsvollem Ambiente gemeinsam einzul\u00e4uten. Entdecken Sie auf unserem Adventsmarkt in der Maria-Himmelfahrt-Stra\u00dfe viele handgearbeitete Produkte. Freuen Sie sich auf die sch\u00f6ne weihnachtliche Atmosph\u00e4re. Genie\u00dfen Sie den traditionellen Kinderpunsch und Winzergl\u00fchwein. Au\u00dferdem gibt es viele kulinarische K\u00f6stlichkeiten f\u00fcr Gro\u00df und Klein. Und wie in jedem Jahr besucht der Nikolaus Sonntagnachmittag den Adventsmarkt. Wir freuen uns auf Sie und w\u00fcnschen Ihnen eine sch\u00f6ne Adventszeit.\" \/>\n<meta property=\"og:url\" content=\"https:\/\/www.holweide-bv.de\/index.php\/2026\/02\/02\/holweider-adventsmarkt-2025\/\" \/>\n<meta property=\"og:site_name\" content=\"B\u00fcrgervereinigung Holweide\" \/>\n<meta property=\"article:published_time\" content=\"2026-02-02T10:44:01+00:00\" \/>\n<meta name=\"author\" content=\"Karin Austmeyer\" \/>\n<meta name=\"twitter:card\" content=\"summary_large_image\" \/>\n<meta name=\"twitter:label1\" content=\"Verfasst von\" \/>\n\t<meta name=\"twitter:data1\" content=\"Karin Austmeyer\" \/>\n<script type=\"application\/ld+json\" class=\"yoast-schema-graph\">{\"@context\":\"https:\\\/\\\/schema.org\",\"@graph\":[{\"@type\":\"Article\",\"@id\":\"https:\\\/\\\/www.holweide-bv.de\\\/index.php\\\/2026\\\/02\\\/02\\\/holweider-adventsmarkt-2025\\\/#article\",\"isPartOf\":{\"@id\":\"https:\\\/\\\/www.holweide-bv.de\\\/index.php\\\/2026\\\/02\\\/02\\\/holweider-adventsmarkt-2025\\\/\"},\"author\":{\"name\":\"Karin Austmeyer\",\"@id\":\"https:\\\/\\\/www.holweide-bv.de\\\/#\\\/schema\\\/person\\\/5518bd6a798dd9d8a24693afc92a12c4\"},\"headline\":\"Holweider Adventsmarkt 2025\",\"datePublished\":\"2026-02-02T10:44:01+00:00\",\"mainEntityOfPage\":{\"@id\":\"https:\\\/\\\/www.holweide-bv.de\\\/index.php\\\/2026\\\/02\\\/02\\\/holweider-adventsmarkt-2025\\\/\"},\"wordCount\":94,\"commentCount\":0,\"inLanguage\":\"de\",\"potentialAction\":[{\"@type\":\"CommentAction\",\"name\":\"Comment\",\"target\":[\"https:\\\/\\\/www.holweide-bv.de\\\/index.php\\\/2026\\\/02\\\/02\\\/holweider-adventsmarkt-2025\\\/#respond\"]}]},{\"@type\":\"WebPage\",\"@id\":\"https:\\\/\\\/www.holweide-bv.de\\\/index.php\\\/2026\\\/02\\\/02\\\/holweider-adventsmarkt-2025\\\/\",\"url\":\"https:\\\/\\\/www.holweide-bv.de\\\/index.php\\\/2026\\\/02\\\/02\\\/holweider-adventsmarkt-2025\\\/\",\"name\":\"Holweider Adventsmarkt 2025 - B\u00fcrgervereinigung Holweide\",\"isPartOf\":{\"@id\":\"https:\\\/\\\/www.holweide-bv.de\\\/#website\"},\"datePublished\":\"2026-02-02T10:44:01+00:00\",\"author\":{\"@id\":\"https:\\\/\\\/www.holweide-bv.de\\\/#\\\/schema\\\/person\\\/5518bd6a798dd9d8a24693afc92a12c4\"},\"breadcrumb\":{\"@id\":\"https:\\\/\\\/www.holweide-bv.de\\\/index.php\\\/2026\\\/02\\\/02\\\/holweider-adventsmarkt-2025\\\/#breadcrumb\"},\"inLanguage\":\"de\",\"potentialAction\":[{\"@type\":\"ReadAction\",\"target\":[\"https:\\\/\\\/www.holweide-bv.de\\\/index.php\\\/2026\\\/02\\\/02\\\/holweider-adventsmarkt-2025\\\/\"]}]},{\"@type\":\"BreadcrumbList\",\"@id\":\"https:\\\/\\\/www.holweide-bv.de\\\/index.php\\\/2026\\\/02\\\/02\\\/holweider-adventsmarkt-2025\\\/#breadcrumb\",\"itemListElement\":[{\"@type\":\"ListItem\",\"position\":1,\"name\":\"Start\",\"item\":\"https:\\\/\\\/www.holweide-bv.de\\\/\"},{\"@type\":\"ListItem\",\"position\":2,\"name\":\"Holweider Adventsmarkt 2025\"}]},{\"@type\":\"WebSite\",\"@id\":\"https:\\\/\\\/www.holweide-bv.de\\\/#website\",\"url\":\"https:\\\/\\\/www.holweide-bv.de\\\/\",\"name\":\"B\u00fcrgervereinigung Holweide\",\"description\":\"\",\"potentialAction\":[{\"@type\":\"SearchAction\",\"target\":{\"@type\":\"EntryPoint\",\"urlTemplate\":\"https:\\\/\\\/www.holweide-bv.de\\\/?s={search_term_string}\"},\"query-input\":{\"@type\":\"PropertyValueSpecification\",\"valueRequired\":true,\"valueName\":\"search_term_string\"}}],\"inLanguage\":\"de\"},{\"@type\":\"Person\",\"@id\":\"https:\\\/\\\/www.holweide-bv.de\\\/#\\\/schema\\\/person\\\/5518bd6a798dd9d8a24693afc92a12c4\",\"name\":\"Karin Austmeyer\",\"image\":{\"@type\":\"ImageObject\",\"inLanguage\":\"de\",\"@id\":\"https:\\\/\\\/secure.gravatar.com\\\/avatar\\\/9dd43533f48be781153ac9ee009f117749fc8e1ccaf95b57942f7e67596d6bdb?s=96&d=mm&r=g\",\"url\":\"https:\\\/\\\/secure.gravatar.com\\\/avatar\\\/9dd43533f48be781153ac9ee009f117749fc8e1ccaf95b57942f7e67596d6bdb?s=96&d=mm&r=g\",\"contentUrl\":\"https:\\\/\\\/secure.gravatar.com\\\/avatar\\\/9dd43533f48be781153ac9ee009f117749fc8e1ccaf95b57942f7e67596d6bdb?s=96&d=mm&r=g\",\"caption\":\"Karin Austmeyer\"},\"url\":\"https:\\\/\\\/www.holweide-bv.de\\\/index.php\\\/author\\\/karin\\\/\"}]}<\/script>\n<!-- \/ Yoast SEO plugin. -->","yoast_head_json":{"title":"Holweider Adventsmarkt 2025 - B\u00fcrgervereinigung Holweide","robots":{"index":"index","follow":"follow","max-snippet":"max-snippet:-1","max-image-preview":"max-image-preview:large","max-video-preview":"max-video-preview:-1"},"canonical":"https:\/\/www.holweide-bv.de\/index.php\/2026\/02\/02\/holweider-adventsmarkt-2025\/","og_locale":"de_DE","og_type":"article","og_title":"Holweider Adventsmarkt 2025 - B\u00fcrgervereinigung Holweide","og_description":"Am 29. und 30.11. ist es wieder soweit: Auch in diesem Jahr m\u00f6chten wir Sie herzlich einladen, die Adventszeit in stimmungsvollem Ambiente gemeinsam einzul\u00e4uten. Entdecken Sie auf unserem Adventsmarkt in der Maria-Himmelfahrt-Stra\u00dfe viele handgearbeitete Produkte. Freuen Sie sich auf die sch\u00f6ne weihnachtliche Atmosph\u00e4re. Genie\u00dfen Sie den traditionellen Kinderpunsch und Winzergl\u00fchwein. Au\u00dferdem gibt es viele kulinarische K\u00f6stlichkeiten f\u00fcr Gro\u00df und Klein. Und wie in jedem Jahr besucht der Nikolaus Sonntagnachmittag den Adventsmarkt. Wir freuen uns auf Sie und w\u00fcnschen Ihnen eine sch\u00f6ne Adventszeit.","og_url":"https:\/\/www.holweide-bv.de\/index.php\/2026\/02\/02\/holweider-adventsmarkt-2025\/","og_site_name":"B\u00fcrgervereinigung Holweide","article_published_time":"2026-02-02T10:44:01+00:00","author":"Karin Austmeyer","twitter_card":"summary_large_image","twitter_misc":{"Verfasst von":"Karin Austmeyer"},"schema":{"@context":"https:\/\/schema.org","@graph":[{"@type":"Article","@id":"https:\/\/www.holweide-bv.de\/index.php\/2026\/02\/02\/holweider-adventsmarkt-2025\/#article","isPartOf":{"@id":"https:\/\/www.holweide-bv.de\/index.php\/2026\/02\/02\/holweider-adventsmarkt-2025\/"},"author":{"name":"Karin Austmeyer","@id":"https:\/\/www.holweide-bv.de\/#\/schema\/person\/5518bd6a798dd9d8a24693afc92a12c4"},"headline":"Holweider Adventsmarkt 2025","datePublished":"2026-02-02T10:44:01+00:00","mainEntityOfPage":{"@id":"https:\/\/www.holweide-bv.de\/index.php\/2026\/02\/02\/holweider-adventsmarkt-2025\/"},"wordCount":94,"commentCount":0,"inLanguage":"de","potentialAction":[{"@type":"CommentAction","name":"Comment","target":["https:\/\/www.holweide-bv.de\/index.php\/2026\/02\/02\/holweider-adventsmarkt-2025\/#respond"]}]},{"@type":"WebPage","@id":"https:\/\/www.holweide-bv.de\/index.php\/2026\/02\/02\/holweider-adventsmarkt-2025\/","url":"https:\/\/www.holweide-bv.de\/index.php\/2026\/02\/02\/holweider-adventsmarkt-2025\/","name":"Holweider Adventsmarkt 2025 - B\u00fcrgervereinigung Holweide","isPartOf":{"@id":"https:\/\/www.holweide-bv.de\/#website"},"datePublished":"2026-02-02T10:44:01+00:00","author":{"@id":"https:\/\/www.holweide-bv.de\/#\/schema\/person\/5518bd6a798dd9d8a24693afc92a12c4"},"breadcrumb":{"@id":"https:\/\/www.holweide-bv.de\/index.php\/2026\/02\/02\/holweider-adventsmarkt-2025\/#breadcrumb"},"inLanguage":"de","potentialAction":[{"@type":"ReadAction","target":["https:\/\/www.holweide-bv.de\/index.php\/2026\/02\/02\/holweider-adventsmarkt-2025\/"]}]},{"@type":"BreadcrumbList","@id":"https:\/\/www.holweide-bv.de\/index.php\/2026\/02\/02\/holweider-adventsmarkt-2025\/#breadcrumb","itemListElement":[{"@type":"ListItem","position":1,"name":"Start","item":"https:\/\/www.holweide-bv.de\/"},{"@type":"ListItem","position":2,"name":"Holweider Adventsmarkt 2025"}]},{"@type":"WebSite","@id":"https:\/\/www.holweide-bv.de\/#website","url":"https:\/\/www.holweide-bv.de\/","name":"B\u00fcrgervereinigung Holweide","description":"","potentialAction":[{"@type":"SearchAction","target":{"@type":"EntryPoint","urlTemplate":"https:\/\/www.holweide-bv.de\/?s={search_term_string}"},"query-input":{"@type":"PropertyValueSpecification","valueRequired":true,"valueName":"search_term_string"}}],"inLanguage":"de"},{"@type":"Person","@id":"https:\/\/www.holweide-bv.de\/#\/schema\/person\/5518bd6a798dd9d8a24693afc92a12c4","name":"Karin Austmeyer","image":{"@type":"ImageObject","inLanguage":"de","@id":"https:\/\/secure.gravatar.com\/avatar\/9dd43533f48be781153ac9ee009f117749fc8e1ccaf95b57942f7e67596d6bdb?s=96&d=mm&r=g","url":"https:\/\/secure.gravatar.com\/avatar\/9dd43533f48be781153ac9ee009f117749fc8e1ccaf95b57942f7e67596d6bdb?s=96&d=mm&r=g","contentUrl":"https:\/\/secure.gravatar.com\/avatar\/9dd43533f48be781153ac9ee009f117749fc8e1ccaf95b57942f7e67596d6bdb?s=96&d=mm&r=g","caption":"Karin Austmeyer"},"url":"https:\/\/www.holweide-bv.de\/index.php\/author\/karin\/"}]}},"_links":{"self":[{"href":"https:\/\/www.holweide-bv.de\/index.php\/wp-json\/wp\/v2\/posts\/1253","targetHints":{"allow":["GET"]}}],"collection":[{"href":"https:\/\/www.holweide-bv.de\/index.php\/wp-json\/wp\/v2\/posts"}],"about":[{"href":"https:\/\/www.holweide-bv.de\/index.php\/wp-json\/wp\/v2\/types\/post"}],"author":[{"embeddable":true,"href":"https:\/\/www.holweide-bv.de\/index.php\/wp-json\/wp\/v2\/users\/2"}],"replies":[{"embeddable":true,"href":"https:\/\/www.holweide-bv.de\/index.php\/wp-json\/wp\/v2\/comments?post=1253"}],"version-history":[{"count":1,"href":"https:\/\/www.holweide-bv.de\/index.php\/wp-json\/wp\/v2\/posts\/1253\/revisions"}],"predecessor-version":[{"id":1255,"href":"https:\/\/www.holweide-bv.de\/index.php\/wp-json\/wp\/v2\/posts\/1253\/revisions\/1255"}],"wp:attachment":[{"href":"https:\/\/www.holweide-bv.de\/index.php\/wp-json\/wp\/v2\/media?parent=1253"}],"wp:term":[{"taxonomy":"category","embeddable":true,"href":"https:\/\/www.holweide-bv.de\/index.php\/wp-json\/wp\/v2\/categories?post=1253"},{"taxonomy":"post_tag","embeddable":true,"href":"https:\/\/www.holweide-bv.de\/index.php\/wp-json\/wp\/v2\/tags?post=1253"}],"curies":[{"name":"wp","href":"https:\/\/api.w.org\/{rel}","templated":true}]}}