{"id":1610,"date":"2026-05-01T16:48:11","date_gmt":"2026-05-01T14:48:11","guid":{"rendered":"https:\/\/www.holweide-bv.de\/?p=1610"},"modified":"2026-05-01T16:48:11","modified_gmt":"2026-05-01T14:48:11","slug":"maifest-statt-tanz-in-den-mai","status":"publish","type":"post","link":"https:\/\/www.holweide-bv.de\/index.php\/2026\/05\/01\/maifest-statt-tanz-in-den-mai\/","title":{"rendered":"Maifest statt Tanz in den Mai"},"content":{"rendered":"<p>&nbsp;<\/p>\n<p data-start=\"119\" data-end=\"547\">Vorangegangen waren das Familienfest und der Maizug der Vereine. Beide Veranstaltungen konnte ich aus terminlichen Gr\u00fcnden leider nicht besuchen. Als ich am sp\u00e4ten Nachmittag mit meiner Freundin auf dem Sch\u00fctzengel\u00e4nde ankam, herrschte dort bereits gro\u00dfes Gewusel. Erwachsene und Kinder tummelten sich bei bester Stimmung und traumhaftem Fr\u00fchlingswetter auf dem Gel\u00e4nde. Man merkte sofort: Hier war der Mai schon bestens willkommen gehei\u00dfen worden. Au\u00dferdem wurde noch gescho\u00dfen, um die Maik\u00f6nigen und den Maik\u00f6nig zu bestimmen.\u00a0Es wurde dann das Paar, das unterschiedlicher nicht h\u00e4tte sein k\u00f6nnen. Einer der gr\u00f6\u00dften M\u00e4nner, gepaart mit der kleinsten Frau unter den Teilnehmerinnen. Bei Ehrentanz fiel das richtig auf. Ich kenne das, bin ich ja selbst sehr klein.<\/p>\n<p data-start=\"119\" data-end=\"547\"><!--more--><\/p>\n<p><img fetchpriority=\"high\" decoding=\"async\" class=\"aligncenter wp-image-1612 size-large\" src=\"https:\/\/www.holweide-bv.de\/wp-content\/uploads\/2026\/05\/IMG_5493-1024x768.jpg\" alt=\"\" width=\"960\" height=\"720\" srcset=\"https:\/\/www.holweide-bv.de\/wp-content\/uploads\/2026\/05\/IMG_5493-1024x768.jpg 1024w, https:\/\/www.holweide-bv.de\/wp-content\/uploads\/2026\/05\/IMG_5493-300x225.jpg 300w, https:\/\/www.holweide-bv.de\/wp-content\/uploads\/2026\/05\/IMG_5493-768x576.jpg 768w, https:\/\/www.holweide-bv.de\/wp-content\/uploads\/2026\/05\/IMG_5493-1536x1152.jpg 1536w, https:\/\/www.holweide-bv.de\/wp-content\/uploads\/2026\/05\/IMG_5493-2048x1536.jpg 2048w, https:\/\/www.holweide-bv.de\/wp-content\/uploads\/2026\/05\/IMG_5493-1140x855.jpg 1140w\" sizes=\"(max-width: 960px) 100vw, 960px\" \/><\/p>\n<p data-start=\"678\" data-end=\"1106\">Der \u201eTanz in den Mai\u201c war diesmal eher ein Maifest, denn getanzt hat leider niemand. Dabei gingen zu Beginn der Veranstaltung die \u201eKleinen\u201c und die \u201eGro\u00dfen\u201c vom Holweider Tanzcorps \u201eK\u00f6lsch H\u00e4tz\u201c mit gutem Beispiel voran. Es hat gro\u00dfen Spa\u00df gemacht, vor allem dem Nachwuchs bei seiner Vorf\u00fchrung zuzuschauen. Da wurde mit Schwung gezeigt, wie es geht \u2013 nur das Publikum lie\u00df sich anschlie\u00dfend nicht so recht zur Nachahmung \u00fcberreden.<\/p>\n<p>&nbsp;<\/p>\n<p data-start=\"678\" data-end=\"1106\"><img decoding=\"async\" class=\"aligncenter wp-image-1614 size-large\" src=\"https:\/\/www.holweide-bv.de\/wp-content\/uploads\/2026\/05\/IMG_5485-1024x768.jpg\" alt=\"\" width=\"960\" height=\"720\" srcset=\"https:\/\/www.holweide-bv.de\/wp-content\/uploads\/2026\/05\/IMG_5485-1024x768.jpg 1024w, https:\/\/www.holweide-bv.de\/wp-content\/uploads\/2026\/05\/IMG_5485-300x225.jpg 300w, https:\/\/www.holweide-bv.de\/wp-content\/uploads\/2026\/05\/IMG_5485-768x576.jpg 768w, https:\/\/www.holweide-bv.de\/wp-content\/uploads\/2026\/05\/IMG_5485-1536x1152.jpg 1536w, https:\/\/www.holweide-bv.de\/wp-content\/uploads\/2026\/05\/IMG_5485-2048x1536.jpg 2048w, https:\/\/www.holweide-bv.de\/wp-content\/uploads\/2026\/05\/IMG_5485-1140x855.jpg 1140w\" sizes=\"(max-width: 960px) 100vw, 960px\" \/><\/p>\n<p><img decoding=\"async\" class=\"aligncenter wp-image-1615 size-large\" src=\"https:\/\/www.holweide-bv.de\/wp-content\/uploads\/2026\/05\/IMG_5487-1024x768.jpg\" alt=\"\" width=\"960\" height=\"720\" srcset=\"https:\/\/www.holweide-bv.de\/wp-content\/uploads\/2026\/05\/IMG_5487-1024x768.jpg 1024w, https:\/\/www.holweide-bv.de\/wp-content\/uploads\/2026\/05\/IMG_5487-300x225.jpg 300w, https:\/\/www.holweide-bv.de\/wp-content\/uploads\/2026\/05\/IMG_5487-768x576.jpg 768w, https:\/\/www.holweide-bv.de\/wp-content\/uploads\/2026\/05\/IMG_5487-1536x1152.jpg 1536w, https:\/\/www.holweide-bv.de\/wp-content\/uploads\/2026\/05\/IMG_5487-2048x1536.jpg 2048w, https:\/\/www.holweide-bv.de\/wp-content\/uploads\/2026\/05\/IMG_5487-1140x855.jpg 1140w\" sizes=\"(max-width: 960px) 100vw, 960px\" \/><\/p>\n<p><img loading=\"lazy\" decoding=\"async\" class=\"aligncenter wp-image-1616 size-large\" src=\"https:\/\/www.holweide-bv.de\/wp-content\/uploads\/2026\/05\/IMG_5488-1024x768.jpg\" alt=\"\" width=\"960\" height=\"720\" srcset=\"https:\/\/www.holweide-bv.de\/wp-content\/uploads\/2026\/05\/IMG_5488-1024x768.jpg 1024w, https:\/\/www.holweide-bv.de\/wp-content\/uploads\/2026\/05\/IMG_5488-300x225.jpg 300w, https:\/\/www.holweide-bv.de\/wp-content\/uploads\/2026\/05\/IMG_5488-768x576.jpg 768w, https:\/\/www.holweide-bv.de\/wp-content\/uploads\/2026\/05\/IMG_5488-1536x1152.jpg 1536w, https:\/\/www.holweide-bv.de\/wp-content\/uploads\/2026\/05\/IMG_5488-2048x1536.jpg 2048w, https:\/\/www.holweide-bv.de\/wp-content\/uploads\/2026\/05\/IMG_5488-1140x855.jpg 1140w\" sizes=\"(max-width: 960px) 100vw, 960px\" \/><\/p>\n<p>&nbsp;<\/p>\n<p data-start=\"1108\" data-end=\"1429\">Weil sich nach der Vorf\u00fchrung fast alle G\u00e4ste wieder nach drau\u00dfen begaben, wurde die Feier kurzerhand bis 22 Uhr ins Freie verlegt. Das Wetter war einfach zu sch\u00f6n. Drinnen wartete zwar der Tanz, drau\u00dfen aber lockten Fr\u00fchling, Getr\u00e4nke und gute Gespr\u00e4che und gegen diese Konkurrenz kam die Tanzfl\u00e4che offenbar nicht an.<\/p>\n<p data-start=\"1431\" data-end=\"1660\">Es wurde gegessen, getrunken, neue Kontakte wurden gekn\u00fcpft und bei dem einen oder anderen Lied auch mitgesungen. Der Mai wurde also durchaus begr\u00fc\u00dft, nur eben mehr mit Herz, Stimme und Getr\u00e4nk in der Hand als mit flotter Sohle.<\/p>\n<p data-start=\"1662\" data-end=\"1985\">Keine Kritik, aber ein kleiner Verbesserungsvorschlag: Einige Tische und St\u00fchle im Vereinsgeb\u00e4ude w\u00e4ren sch\u00f6n gewesen. Drau\u00dfen konnte man zwar teilweise sitzen, aber nicht jede oder jeder ist in einem Alter, in dem man stundenlang stehen kann.<\/p>\n<p data-start=\"1987\" data-end=\"2139\" data-is-last-node=\"\" data-is-only-node=\"\">Aus diesem Grund haben meine Freundin und ich das Fest kurz vor 22 Uhr verlassen. Sch\u00f6n war\u2019s trotzdem \u2013 auch ohne Tanzbein, daf\u00fcr mit viel guter Laune.<\/p>\n<p>&nbsp;<\/p>\n<p>&nbsp;<\/p>\n","protected":false},"excerpt":{"rendered":"<p>&nbsp; Vorangegangen waren das Familienfest und der Maizug der Vereine. Beide Veranstaltungen konnte ich aus terminlichen Gr\u00fcnden leider nicht besuchen. Als ich am sp\u00e4ten Nachmittag mit meiner Freundin auf dem Sch\u00fctzengel\u00e4nde ankam, herrschte dort bereits gro\u00dfes Gewusel. Erwachsene und Kinder tummelten sich bei bester Stimmung und traumhaftem Fr\u00fchlingswetter auf dem Gel\u00e4nde. Man merkte sofort: Hier war der Mai schon bestens willkommen gehei\u00dfen worden. Au\u00dferdem wurde noch gescho\u00dfen, um die Maik\u00f6nigen und den Maik\u00f6nig zu bestimmen.\u00a0Es wurde dann das Paar, das unterschiedlicher nicht h\u00e4tte sein k\u00f6nnen. Einer der gr\u00f6\u00dften M\u00e4nner, gepaart mit der kleinsten Frau unter den Teilnehmerinnen. Bei Ehrentanz fiel das richtig auf. Ich kenne das, bin ich ja selbst sehr klein.<\/p>\n","protected":false},"author":2,"featured_media":1611,"comment_status":"open","ping_status":"open","sticky":false,"template":"","format":"standard","meta":{"footnotes":""},"categories":[37],"tags":[42,41,40],"class_list":["post-1610","post","type-post","status-publish","format-standard","has-post-thumbnail","hentry","category-holweide-feiert","tag-buergervereinigung_holweide","tag-holweide-feiert","tag-tanz-in-den-ami"],"yoast_head":"<!-- This site is optimized with the Yoast SEO plugin v27.5 - https:\/\/yoast.com\/product\/yoast-seo-wordpress\/ -->\n<title>Maifest statt Tanz in den Mai - B\u00fcrgervereinigung Holweide<\/title>\n<meta name=\"robots\" content=\"index, follow, max-snippet:-1, max-image-preview:large, max-video-preview:-1\" \/>\n<link rel=\"canonical\" href=\"https:\/\/www.holweide-bv.de\/index.php\/2026\/05\/01\/maifest-statt-tanz-in-den-mai\/\" \/>\n<meta property=\"og:locale\" content=\"de_DE\" \/>\n<meta property=\"og:type\" content=\"article\" \/>\n<meta property=\"og:title\" content=\"Maifest statt Tanz in den Mai - B\u00fcrgervereinigung Holweide\" \/>\n<meta property=\"og:description\" content=\"&nbsp; Vorangegangen waren das Familienfest und der Maizug der Vereine. Beide Veranstaltungen konnte ich aus terminlichen Gr\u00fcnden leider nicht besuchen. Als ich am sp\u00e4ten Nachmittag mit meiner Freundin auf dem Sch\u00fctzengel\u00e4nde ankam, herrschte dort bereits gro\u00dfes Gewusel. Erwachsene und Kinder tummelten sich bei bester Stimmung und traumhaftem Fr\u00fchlingswetter auf dem Gel\u00e4nde. Man merkte sofort: Hier war der Mai schon bestens willkommen gehei\u00dfen worden. Au\u00dferdem wurde noch gescho\u00dfen, um die Maik\u00f6nigen und den Maik\u00f6nig zu bestimmen.\u00a0Es wurde dann das Paar, das unterschiedlicher nicht h\u00e4tte sein k\u00f6nnen. Einer der gr\u00f6\u00dften M\u00e4nner, gepaart mit der kleinsten Frau unter den Teilnehmerinnen. Bei Ehrentanz fiel das richtig auf. Ich kenne das, bin ich ja selbst sehr klein.\" \/>\n<meta property=\"og:url\" content=\"https:\/\/www.holweide-bv.de\/index.php\/2026\/05\/01\/maifest-statt-tanz-in-den-mai\/\" \/>\n<meta property=\"og:site_name\" content=\"B\u00fcrgervereinigung Holweide\" \/>\n<meta property=\"article:published_time\" content=\"2026-05-01T14:48:11+00:00\" \/>\n<meta property=\"og:image\" content=\"https:\/\/www.holweide-bv.de\/wp-content\/uploads\/2026\/05\/IMG_5484-scaled-e1777645778741.jpg\" \/>\n\t<meta property=\"og:image:width\" content=\"2560\" \/>\n\t<meta property=\"og:image:height\" content=\"1220\" \/>\n\t<meta property=\"og:image:type\" content=\"image\/jpeg\" \/>\n<meta name=\"author\" content=\"Karin Austmeyer\" \/>\n<meta name=\"twitter:card\" content=\"summary_large_image\" \/>\n<meta name=\"twitter:label1\" content=\"Verfasst von\" \/>\n\t<meta name=\"twitter:data1\" content=\"Karin Austmeyer\" \/>\n\t<meta name=\"twitter:label2\" content=\"Gesch\u00e4tzte Lesezeit\" \/>\n\t<meta name=\"twitter:data2\" content=\"3\u00a0Minuten\" \/>\n<script type=\"application\/ld+json\" class=\"yoast-schema-graph\">{\"@context\":\"https:\\\/\\\/schema.org\",\"@graph\":[{\"@type\":\"Article\",\"@id\":\"https:\\\/\\\/www.holweide-bv.de\\\/index.php\\\/2026\\\/05\\\/01\\\/maifest-statt-tanz-in-den-mai\\\/#article\",\"isPartOf\":{\"@id\":\"https:\\\/\\\/www.holweide-bv.de\\\/index.php\\\/2026\\\/05\\\/01\\\/maifest-statt-tanz-in-den-mai\\\/\"},\"author\":{\"name\":\"Karin Austmeyer\",\"@id\":\"https:\\\/\\\/www.holweide-bv.de\\\/#\\\/schema\\\/person\\\/5518bd6a798dd9d8a24693afc92a12c4\"},\"headline\":\"Maifest statt Tanz in den Mai\",\"datePublished\":\"2026-05-01T14:48:11+00:00\",\"mainEntityOfPage\":{\"@id\":\"https:\\\/\\\/www.holweide-bv.de\\\/index.php\\\/2026\\\/05\\\/01\\\/maifest-statt-tanz-in-den-mai\\\/\"},\"wordCount\":382,\"commentCount\":0,\"image\":{\"@id\":\"https:\\\/\\\/www.holweide-bv.de\\\/index.php\\\/2026\\\/05\\\/01\\\/maifest-statt-tanz-in-den-mai\\\/#primaryimage\"},\"thumbnailUrl\":\"https:\\\/\\\/www.holweide-bv.de\\\/wp-content\\\/uploads\\\/2026\\\/05\\\/IMG_5484-scaled-e1777645778741.jpg\",\"keywords\":[\"#b\u00fcrgervereinigung_holweide\",\"#holweide feiert\",\"#tanz in den ami\"],\"articleSection\":[\"Holweide feiert\"],\"inLanguage\":\"de\",\"potentialAction\":[{\"@type\":\"CommentAction\",\"name\":\"Comment\",\"target\":[\"https:\\\/\\\/www.holweide-bv.de\\\/index.php\\\/2026\\\/05\\\/01\\\/maifest-statt-tanz-in-den-mai\\\/#respond\"]}]},{\"@type\":\"WebPage\",\"@id\":\"https:\\\/\\\/www.holweide-bv.de\\\/index.php\\\/2026\\\/05\\\/01\\\/maifest-statt-tanz-in-den-mai\\\/\",\"url\":\"https:\\\/\\\/www.holweide-bv.de\\\/index.php\\\/2026\\\/05\\\/01\\\/maifest-statt-tanz-in-den-mai\\\/\",\"name\":\"Maifest statt Tanz in den Mai - B\u00fcrgervereinigung Holweide\",\"isPartOf\":{\"@id\":\"https:\\\/\\\/www.holweide-bv.de\\\/#website\"},\"primaryImageOfPage\":{\"@id\":\"https:\\\/\\\/www.holweide-bv.de\\\/index.php\\\/2026\\\/05\\\/01\\\/maifest-statt-tanz-in-den-mai\\\/#primaryimage\"},\"image\":{\"@id\":\"https:\\\/\\\/www.holweide-bv.de\\\/index.php\\\/2026\\\/05\\\/01\\\/maifest-statt-tanz-in-den-mai\\\/#primaryimage\"},\"thumbnailUrl\":\"https:\\\/\\\/www.holweide-bv.de\\\/wp-content\\\/uploads\\\/2026\\\/05\\\/IMG_5484-scaled-e1777645778741.jpg\",\"datePublished\":\"2026-05-01T14:48:11+00:00\",\"author\":{\"@id\":\"https:\\\/\\\/www.holweide-bv.de\\\/#\\\/schema\\\/person\\\/5518bd6a798dd9d8a24693afc92a12c4\"},\"breadcrumb\":{\"@id\":\"https:\\\/\\\/www.holweide-bv.de\\\/index.php\\\/2026\\\/05\\\/01\\\/maifest-statt-tanz-in-den-mai\\\/#breadcrumb\"},\"inLanguage\":\"de\",\"potentialAction\":[{\"@type\":\"ReadAction\",\"target\":[\"https:\\\/\\\/www.holweide-bv.de\\\/index.php\\\/2026\\\/05\\\/01\\\/maifest-statt-tanz-in-den-mai\\\/\"]}]},{\"@type\":\"ImageObject\",\"inLanguage\":\"de\",\"@id\":\"https:\\\/\\\/www.holweide-bv.de\\\/index.php\\\/2026\\\/05\\\/01\\\/maifest-statt-tanz-in-den-mai\\\/#primaryimage\",\"url\":\"https:\\\/\\\/www.holweide-bv.de\\\/wp-content\\\/uploads\\\/2026\\\/05\\\/IMG_5484-scaled-e1777645778741.jpg\",\"contentUrl\":\"https:\\\/\\\/www.holweide-bv.de\\\/wp-content\\\/uploads\\\/2026\\\/05\\\/IMG_5484-scaled-e1777645778741.jpg\",\"width\":2560,\"height\":1220},{\"@type\":\"BreadcrumbList\",\"@id\":\"https:\\\/\\\/www.holweide-bv.de\\\/index.php\\\/2026\\\/05\\\/01\\\/maifest-statt-tanz-in-den-mai\\\/#breadcrumb\",\"itemListElement\":[{\"@type\":\"ListItem\",\"position\":1,\"name\":\"Start\",\"item\":\"https:\\\/\\\/www.holweide-bv.de\\\/\"},{\"@type\":\"ListItem\",\"position\":2,\"name\":\"Maifest statt Tanz in den Mai\"}]},{\"@type\":\"WebSite\",\"@id\":\"https:\\\/\\\/www.holweide-bv.de\\\/#website\",\"url\":\"https:\\\/\\\/www.holweide-bv.de\\\/\",\"name\":\"B\u00fcrgervereinigung Holweide\",\"description\":\"\",\"potentialAction\":[{\"@type\":\"SearchAction\",\"target\":{\"@type\":\"EntryPoint\",\"urlTemplate\":\"https:\\\/\\\/www.holweide-bv.de\\\/?s={search_term_string}\"},\"query-input\":{\"@type\":\"PropertyValueSpecification\",\"valueRequired\":true,\"valueName\":\"search_term_string\"}}],\"inLanguage\":\"de\"},{\"@type\":\"Person\",\"@id\":\"https:\\\/\\\/www.holweide-bv.de\\\/#\\\/schema\\\/person\\\/5518bd6a798dd9d8a24693afc92a12c4\",\"name\":\"Karin Austmeyer\",\"image\":{\"@type\":\"ImageObject\",\"inLanguage\":\"de\",\"@id\":\"https:\\\/\\\/secure.gravatar.com\\\/avatar\\\/9dd43533f48be781153ac9ee009f117749fc8e1ccaf95b57942f7e67596d6bdb?s=96&d=mm&r=g\",\"url\":\"https:\\\/\\\/secure.gravatar.com\\\/avatar\\\/9dd43533f48be781153ac9ee009f117749fc8e1ccaf95b57942f7e67596d6bdb?s=96&d=mm&r=g\",\"contentUrl\":\"https:\\\/\\\/secure.gravatar.com\\\/avatar\\\/9dd43533f48be781153ac9ee009f117749fc8e1ccaf95b57942f7e67596d6bdb?s=96&d=mm&r=g\",\"caption\":\"Karin Austmeyer\"},\"url\":\"https:\\\/\\\/www.holweide-bv.de\\\/index.php\\\/author\\\/karin\\\/\"}]}<\/script>\n<!-- \/ Yoast SEO plugin. -->","yoast_head_json":{"title":"Maifest statt Tanz in den Mai - B\u00fcrgervereinigung Holweide","robots":{"index":"index","follow":"follow","max-snippet":"max-snippet:-1","max-image-preview":"max-image-preview:large","max-video-preview":"max-video-preview:-1"},"canonical":"https:\/\/www.holweide-bv.de\/index.php\/2026\/05\/01\/maifest-statt-tanz-in-den-mai\/","og_locale":"de_DE","og_type":"article","og_title":"Maifest statt Tanz in den Mai - B\u00fcrgervereinigung Holweide","og_description":"&nbsp; Vorangegangen waren das Familienfest und der Maizug der Vereine. Beide Veranstaltungen konnte ich aus terminlichen Gr\u00fcnden leider nicht besuchen. Als ich am sp\u00e4ten Nachmittag mit meiner Freundin auf dem Sch\u00fctzengel\u00e4nde ankam, herrschte dort bereits gro\u00dfes Gewusel. Erwachsene und Kinder tummelten sich bei bester Stimmung und traumhaftem Fr\u00fchlingswetter auf dem Gel\u00e4nde. Man merkte sofort: Hier war der Mai schon bestens willkommen gehei\u00dfen worden. Au\u00dferdem wurde noch gescho\u00dfen, um die Maik\u00f6nigen und den Maik\u00f6nig zu bestimmen.\u00a0Es wurde dann das Paar, das unterschiedlicher nicht h\u00e4tte sein k\u00f6nnen. Einer der gr\u00f6\u00dften M\u00e4nner, gepaart mit der kleinsten Frau unter den Teilnehmerinnen. Bei Ehrentanz fiel das richtig auf. Ich kenne das, bin ich ja selbst sehr klein.","og_url":"https:\/\/www.holweide-bv.de\/index.php\/2026\/05\/01\/maifest-statt-tanz-in-den-mai\/","og_site_name":"B\u00fcrgervereinigung Holweide","article_published_time":"2026-05-01T14:48:11+00:00","og_image":[{"width":2560,"height":1220,"url":"https:\/\/www.holweide-bv.de\/wp-content\/uploads\/2026\/05\/IMG_5484-scaled-e1777645778741.jpg","type":"image\/jpeg"}],"author":"Karin Austmeyer","twitter_card":"summary_large_image","twitter_misc":{"Verfasst von":"Karin Austmeyer","Gesch\u00e4tzte Lesezeit":"3\u00a0Minuten"},"schema":{"@context":"https:\/\/schema.org","@graph":[{"@type":"Article","@id":"https:\/\/www.holweide-bv.de\/index.php\/2026\/05\/01\/maifest-statt-tanz-in-den-mai\/#article","isPartOf":{"@id":"https:\/\/www.holweide-bv.de\/index.php\/2026\/05\/01\/maifest-statt-tanz-in-den-mai\/"},"author":{"name":"Karin Austmeyer","@id":"https:\/\/www.holweide-bv.de\/#\/schema\/person\/5518bd6a798dd9d8a24693afc92a12c4"},"headline":"Maifest statt Tanz in den Mai","datePublished":"2026-05-01T14:48:11+00:00","mainEntityOfPage":{"@id":"https:\/\/www.holweide-bv.de\/index.php\/2026\/05\/01\/maifest-statt-tanz-in-den-mai\/"},"wordCount":382,"commentCount":0,"image":{"@id":"https:\/\/www.holweide-bv.de\/index.php\/2026\/05\/01\/maifest-statt-tanz-in-den-mai\/#primaryimage"},"thumbnailUrl":"https:\/\/www.holweide-bv.de\/wp-content\/uploads\/2026\/05\/IMG_5484-scaled-e1777645778741.jpg","keywords":["#b\u00fcrgervereinigung_holweide","#holweide feiert","#tanz in den ami"],"articleSection":["Holweide feiert"],"inLanguage":"de","potentialAction":[{"@type":"CommentAction","name":"Comment","target":["https:\/\/www.holweide-bv.de\/index.php\/2026\/05\/01\/maifest-statt-tanz-in-den-mai\/#respond"]}]},{"@type":"WebPage","@id":"https:\/\/www.holweide-bv.de\/index.php\/2026\/05\/01\/maifest-statt-tanz-in-den-mai\/","url":"https:\/\/www.holweide-bv.de\/index.php\/2026\/05\/01\/maifest-statt-tanz-in-den-mai\/","name":"Maifest statt Tanz in den Mai - B\u00fcrgervereinigung Holweide","isPartOf":{"@id":"https:\/\/www.holweide-bv.de\/#website"},"primaryImageOfPage":{"@id":"https:\/\/www.holweide-bv.de\/index.php\/2026\/05\/01\/maifest-statt-tanz-in-den-mai\/#primaryimage"},"image":{"@id":"https:\/\/www.holweide-bv.de\/index.php\/2026\/05\/01\/maifest-statt-tanz-in-den-mai\/#primaryimage"},"thumbnailUrl":"https:\/\/www.holweide-bv.de\/wp-content\/uploads\/2026\/05\/IMG_5484-scaled-e1777645778741.jpg","datePublished":"2026-05-01T14:48:11+00:00","author":{"@id":"https:\/\/www.holweide-bv.de\/#\/schema\/person\/5518bd6a798dd9d8a24693afc92a12c4"},"breadcrumb":{"@id":"https:\/\/www.holweide-bv.de\/index.php\/2026\/05\/01\/maifest-statt-tanz-in-den-mai\/#breadcrumb"},"inLanguage":"de","potentialAction":[{"@type":"ReadAction","target":["https:\/\/www.holweide-bv.de\/index.php\/2026\/05\/01\/maifest-statt-tanz-in-den-mai\/"]}]},{"@type":"ImageObject","inLanguage":"de","@id":"https:\/\/www.holweide-bv.de\/index.php\/2026\/05\/01\/maifest-statt-tanz-in-den-mai\/#primaryimage","url":"https:\/\/www.holweide-bv.de\/wp-content\/uploads\/2026\/05\/IMG_5484-scaled-e1777645778741.jpg","contentUrl":"https:\/\/www.holweide-bv.de\/wp-content\/uploads\/2026\/05\/IMG_5484-scaled-e1777645778741.jpg","width":2560,"height":1220},{"@type":"BreadcrumbList","@id":"https:\/\/www.holweide-bv.de\/index.php\/2026\/05\/01\/maifest-statt-tanz-in-den-mai\/#breadcrumb","itemListElement":[{"@type":"ListItem","position":1,"name":"Start","item":"https:\/\/www.holweide-bv.de\/"},{"@type":"ListItem","position":2,"name":"Maifest statt Tanz in den Mai"}]},{"@type":"WebSite","@id":"https:\/\/www.holweide-bv.de\/#website","url":"https:\/\/www.holweide-bv.de\/","name":"B\u00fcrgervereinigung Holweide","description":"","potentialAction":[{"@type":"SearchAction","target":{"@type":"EntryPoint","urlTemplate":"https:\/\/www.holweide-bv.de\/?s={search_term_string}"},"query-input":{"@type":"PropertyValueSpecification","valueRequired":true,"valueName":"search_term_string"}}],"inLanguage":"de"},{"@type":"Person","@id":"https:\/\/www.holweide-bv.de\/#\/schema\/person\/5518bd6a798dd9d8a24693afc92a12c4","name":"Karin Austmeyer","image":{"@type":"ImageObject","inLanguage":"de","@id":"https:\/\/secure.gravatar.com\/avatar\/9dd43533f48be781153ac9ee009f117749fc8e1ccaf95b57942f7e67596d6bdb?s=96&d=mm&r=g","url":"https:\/\/secure.gravatar.com\/avatar\/9dd43533f48be781153ac9ee009f117749fc8e1ccaf95b57942f7e67596d6bdb?s=96&d=mm&r=g","contentUrl":"https:\/\/secure.gravatar.com\/avatar\/9dd43533f48be781153ac9ee009f117749fc8e1ccaf95b57942f7e67596d6bdb?s=96&d=mm&r=g","caption":"Karin Austmeyer"},"url":"https:\/\/www.holweide-bv.de\/index.php\/author\/karin\/"}]}},"_links":{"self":[{"href":"https:\/\/www.holweide-bv.de\/index.php\/wp-json\/wp\/v2\/posts\/1610","targetHints":{"allow":["GET"]}}],"collection":[{"href":"https:\/\/www.holweide-bv.de\/index.php\/wp-json\/wp\/v2\/posts"}],"about":[{"href":"https:\/\/www.holweide-bv.de\/index.php\/wp-json\/wp\/v2\/types\/post"}],"author":[{"embeddable":true,"href":"https:\/\/www.holweide-bv.de\/index.php\/wp-json\/wp\/v2\/users\/2"}],"replies":[{"embeddable":true,"href":"https:\/\/www.holweide-bv.de\/index.php\/wp-json\/wp\/v2\/comments?post=1610"}],"version-history":[{"count":3,"href":"https:\/\/www.holweide-bv.de\/index.php\/wp-json\/wp\/v2\/posts\/1610\/revisions"}],"predecessor-version":[{"id":1619,"href":"https:\/\/www.holweide-bv.de\/index.php\/wp-json\/wp\/v2\/posts\/1610\/revisions\/1619"}],"wp:featuredmedia":[{"embeddable":true,"href":"https:\/\/www.holweide-bv.de\/index.php\/wp-json\/wp\/v2\/media\/1611"}],"wp:attachment":[{"href":"https:\/\/www.holweide-bv.de\/index.php\/wp-json\/wp\/v2\/media?parent=1610"}],"wp:term":[{"taxonomy":"category","embeddable":true,"href":"https:\/\/www.holweide-bv.de\/index.php\/wp-json\/wp\/v2\/categories?post=1610"},{"taxonomy":"post_tag","embeddable":true,"href":"https:\/\/www.holweide-bv.de\/index.php\/wp-json\/wp\/v2\/tags?post=1610"}],"curies":[{"name":"wp","href":"https:\/\/api.w.org\/{rel}","templated":true}]}}