{"id":2050,"date":"2026-08-31T13:26:42","date_gmt":"2026-08-31T11:26:42","guid":{"rendered":"https:\/\/www.holweide-bv.de\/?p=2050"},"modified":"2026-08-31T13:30:40","modified_gmt":"2026-08-31T11:30:40","slug":"holweide-troedelt-wieder-troedelmarkt-am-6-september-2026","status":"publish","type":"post","link":"https:\/\/www.holweide-bv.de\/index.php\/2026\/08\/31\/holweide-troedelt-wieder-troedelmarkt-am-6-september-2026\/","title":{"rendered":"Holweide tr\u00f6delt wieder \u2013 Tr\u00f6delmarkt am 6. September 2026"},"content":{"rendered":"<p>&nbsp;<\/p>\n<h3>St\u00f6bern, feilschen, entdecken und nette Menschen treffen<\/h3>\n<p class=\"isSelectedEnd\">Am <strong>Sonntag, 6. September 2026 ab 11 Uhr<\/strong>, hei\u00dft es in Holweide wieder: <strong>Holweide tr\u00f6delt!<\/strong><\/p>\n<p class=\"isSelectedEnd\">Viermal im Jahr l\u00e4dt die B\u00fcrgervereinigung K\u00f6ln-Holweide e.V. zum beliebten Tr\u00f6delmarkt ein und jedes Mal gibt es jede Menge zu entdecken. Von gut erhaltener Kleidung \u00fcber B\u00fccher, Spielzeug und Haushaltswaren bis hin zu Dekoration, kleinen Rarit\u00e4ten und Dingen, von denen man vorher gar nicht wusste, dass man sie unbedingt braucht: Beim Tr\u00f6deln wei\u00df man schlie\u00dflich nie genau, was einem vor die Augen kommt.<\/p>\n<p class=\"isSelectedEnd\">Vielleicht ist es das alte Buch, nach dem Du schon lange suchst. Vielleicht findest Du ein sch\u00f6nes St\u00fcck f\u00fcr Deine Wohnung, ein Spielzeug f\u00fcr die Kinder oder einfach das perfekte Schn\u00e4ppchen. Manchmal geht man auch nur zum Schauen los und kommt mit einer T\u00fcte voller \u201eEigentlich wollte ich doch nur mal gucken\u201c, Fundst\u00fccke wieder nach Hause.<\/p>\n<p><!--more--><\/p>\n<h3>Tr\u00f6deln geh\u00f6rt zu Holweide<\/h3>\n<p class=\"isSelectedEnd\">Unser Tr\u00f6delmarkt ist inzwischen ein fester Bestandteil des Holweider Veranstaltungskalenders. Dabei geht es l\u00e4ngst nicht nur ums Kaufen und Verkaufen. <strong>\u201eHolweide tr\u00f6delt\u201c ist auch ein Treffpunkt im Veedel.<\/strong><\/p>\n<p class=\"isSelectedEnd\">Hier begegnen sich Nachbarinnen und Nachbarn, Familien, Freunde und Tr\u00f6delfans aus Holweide und Umgebung. Man kommt ins Gespr\u00e4ch, entdeckt gemeinsam sch\u00f6ne Dinge und genie\u00dft die besondere Atmosph\u00e4re, die entsteht, wenn viele Menschen zusammenkommen.<\/p>\n<p class=\"isSelectedEnd\">Nat\u00fcrlich hat das Ganze auch einen nachhaltigen Gedanken: Was bei einem selbst vielleicht nur noch Platz im Keller oder auf dem Dachboden wegnimmt, kann f\u00fcr jemand anderen noch richtig wertvoll sein. <strong>Weitergeben statt Wegwerfen<\/strong> \u2013 sch\u00f6ner kann Tr\u00f6deln kaum sein.<\/p>\n<h4>Also: Termin vormerken!\u00a0<strong>Sonntag, 6. September 2026 &#8211; 11 Uhr<\/strong><\/h4>\n<p class=\"isSelectedEnd\">Kommt vorbei, st\u00f6bert in Ruhe durch die St\u00e4nde und schaut, welche kleinen und gro\u00dfen Sch\u00e4tze auf Euch warten.<\/p>\n<p class=\"isSelectedEnd\">Ob Schn\u00e4ppchenj\u00e4ger, Sammlerin, neugieriger Besucher oder einfach jemand, der Lust auf einen sch\u00f6nen Sonntag im Veedel hat \u2013 bei \u201eHolweide tr\u00f6delt\u201c seid Ihr herzlich willkommen!<\/p>\n<p class=\"isSelectedEnd\">Wir freuen uns auf viele bekannte Gesichter, neue Besucherinnen und Besucher und nat\u00fcrlich auf alle, die mit ihren St\u00e4nden wieder f\u00fcr ein buntes und abwechslungsreiches Angebot sorgen.<\/p>\n<p class=\"isSelectedEnd\">Denn genau das ist unser Holweide: <strong>Hollwigg zesamme \u2013 Gemeinschaft leben.<\/strong><\/p>\n<p>Wir sehen uns beim Tr\u00f6deln!<\/p>\n<hr \/>\n<h3>Wichtige Infos f\u00fcr unsere Verk\u00e4ufer (keine Neuware)<\/h3>\n<div class=\"n6owBd awi2gc\" data-sfc-cp=\"\" data-sfc-root=\"ep\" data-sfc-cb=\"\" data-hveid=\"CAEICRAA\" data-complete=\"true\" data-processed=\"true\" data-copy-service-computed-style=\"font-family: Google Sans, Arial, sans-serif; font-size: 16px; font-weight: 400; margin: 12px 0px 16px; text-decoration: none; border-bottom: 0px rgb(10, 10, 10);\">M\u00f6chtet Ihr selbst Platz im Keller schaffen und die Urlaubskasse aufbessern? Dann macht mit! Damit am gro\u00dfen Tag alles glattl\u00e4uft, beachtet bitte folgende Spielregeln:<\/div>\n<ul>\n<li><span class=\"T286Pc\" data-sfc-cp=\"\" data-sfc-root=\"ep\" data-sfc-cb=\"\" data-complete=\"true\" data-copy-service-computed-style=\"font-family: Google Sans, Arial, sans-serif; font-size: 16px; font-weight: 400; margin: 0px; text-decoration: none; border-bottom: 0px rgb(10, 10, 10);\"><strong class=\"Yjhzub\" data-sfc-root=\"ep\" data-sfc-cb=\"\" data-complete=\"true\" data-copy-service-computed-style=\"font-family: Google Sans, Arial, sans-serif; font-size: 16px; font-weight: 700; margin: 0px; text-decoration: none; border-bottom: 0px rgb(10, 10, 10);\">Anmeldung:<\/strong> Ihr k\u00f6nnt Euch unter der Rufnummer <strong class=\"Yjhzub\" data-sfc-root=\"ep\" data-sfc-cb=\"\" data-complete=\"true\" data-copy-service-computed-style=\"font-family: Google Sans, Arial, sans-serif; font-size: 16px; font-weight: 700; margin: 0px; text-decoration: none; border-bottom: 0px rgb(10, 10, 10);\">0221 \u2013 57 92 456<\/strong> anmelden oder einfach vorbeikommen.<\/span><\/li>\n<li><span class=\"T286Pc\" data-sfc-cp=\"\" data-sfc-root=\"ep\" data-sfc-cb=\"\" data-complete=\"true\" data-copy-service-computed-style=\"font-family: Google Sans, Arial, sans-serif; font-size: 16px; font-weight: 400; margin: 0px; text-decoration: none; border-bottom: 0px rgb(10, 10, 10);\"><strong class=\"Yjhzub\" data-sfc-root=\"ep\" data-sfc-cb=\"\" data-complete=\"true\" data-copy-service-computed-style=\"font-family: Google Sans, Arial, sans-serif; font-size: 16px; font-weight: 700; margin: 0px; text-decoration: none; border-bottom: 0px rgb(10, 10, 10);\">Standgeb\u00fchr:<\/strong> Super faire <strong class=\"Yjhzub\" data-sfc-root=\"ep\" data-sfc-cb=\"\" data-complete=\"true\" data-copy-service-computed-style=\"font-family: Google Sans, Arial, sans-serif; font-size: 16px; font-weight: 700; margin: 0px; text-decoration: none; border-bottom: 0px rgb(10, 10, 10);\">10 Euro<\/strong> und das v\u00f6llig egal, wie viele Meter der Stand lang ist!<\/span><\/li>\n<li><span class=\"T286Pc\" data-sfc-cp=\"\" data-sfc-root=\"ep\" data-sfc-cb=\"\" data-complete=\"true\" data-copy-service-computed-style=\"font-family: Google Sans, Arial, sans-serif; font-size: 16px; font-weight: 400; margin: 0px; text-decoration: none; border-bottom: 0px rgb(10, 10, 10);\"><strong class=\"Yjhzub\" data-sfc-root=\"ep\" data-sfc-cb=\"\" data-complete=\"true\" data-copy-service-computed-style=\"font-family: Google Sans, Arial, sans-serif; font-size: 16px; font-weight: 700; margin: 0px; text-decoration: none; border-bottom: 0px rgb(10, 10, 10);\">Ausr\u00fcstung:<\/strong> Bitte bringt Eure eigenen Tische mit. Es werden vor Ort <strong class=\"Yjhzub\" data-sfc-root=\"ep\" data-sfc-cb=\"\" data-complete=\"true\" data-copy-service-computed-style=\"font-family: Google Sans, Arial, sans-serif; font-size: 16px; font-weight: 700; margin: 0px; text-decoration: none; border-bottom: 0px rgb(10, 10, 10);\">keine Tische<\/strong> gestellt.<\/span><\/li>\n<li><span class=\"T286Pc\" data-sfc-cp=\"\" data-sfc-root=\"ep\" data-sfc-cb=\"\" data-complete=\"true\" data-copy-service-computed-style=\"font-family: Google Sans, Arial, sans-serif; font-size: 16px; font-weight: 400; margin: 0px; text-decoration: none; border-bottom: 0px rgb(10, 10, 10);\"><strong class=\"Yjhzub\" data-sfc-root=\"ep\" data-sfc-cb=\"\" data-complete=\"true\" data-copy-service-computed-style=\"font-family: Google Sans, Arial, sans-serif; font-size: 16px; font-weight: 700; margin: 0px; text-decoration: none; border-bottom: 0px rgb(10, 10, 10);\">Aufbau &amp; Logistik:<\/strong> Das Orga-Team ist <strong class=\"Yjhzub\" data-sfc-root=\"ep\" data-sfc-cb=\"\" data-complete=\"true\" data-copy-service-computed-style=\"font-family: Google Sans, Arial, sans-serif; font-size: 16px; font-weight: 700; margin: 0px; text-decoration: none; border-bottom: 0px rgb(10, 10, 10);\">ab 08:00 Uhr<\/strong> morgens f\u00fcr Euch vor Ort. Zu dieser Zeit k\u00f6nnt Ihr Eure Ware entspannt anliefern und abladen.<\/span><\/li>\n<li><span class=\"T286Pc\" data-sfc-cp=\"\" data-sfc-root=\"ep\" data-sfc-cb=\"\" data-complete=\"true\" data-copy-service-computed-style=\"font-family: Google Sans, Arial, sans-serif; font-size: 16px; font-weight: 400; margin: 0px; text-decoration: none; border-bottom: 0px rgb(10, 10, 10);\"><strong class=\"Yjhzub\" data-sfc-root=\"ep\" data-sfc-cb=\"\" data-complete=\"true\" data-copy-service-computed-style=\"font-family: Google Sans, Arial, sans-serif; font-size: 16px; font-weight: 700; margin: 0px; text-decoration: none; border-bottom: 0px rgb(10, 10, 10);\">ACHTUNG:<\/strong> Direkt am Stand oder auf dem Marktplatz ist das <strong class=\"Yjhzub\" data-sfc-root=\"ep\" data-sfc-cb=\"\" data-complete=\"true\" data-copy-service-computed-style=\"font-family: Google Sans, Arial, sans-serif; font-size: 16px; font-weight: 700; margin: 0px; text-decoration: none; border-bottom: 0px rgb(10, 10, 10);\">Parken nicht m\u00f6glich<\/strong>. Bitte parkt Euer Fahrzeug nach dem Entladen au\u00dferhalb des Marktgel\u00e4ndes.<\/span><\/li>\n<li style=\"list-style-type: none;\"><\/li>\n<\/ul>\n","protected":false},"excerpt":{"rendered":"<p>&nbsp; St\u00f6bern, feilschen, entdecken und nette Menschen treffen Am Sonntag, 6. September 2026 ab 11 Uhr, hei\u00dft es in Holweide wieder: Holweide tr\u00f6delt! Viermal im Jahr l\u00e4dt die B\u00fcrgervereinigung K\u00f6ln-Holweide e.V. zum beliebten Tr\u00f6delmarkt ein und jedes Mal gibt es jede Menge zu entdecken. Von gut erhaltener Kleidung \u00fcber B\u00fccher, Spielzeug und Haushaltswaren bis hin zu Dekoration, kleinen Rarit\u00e4ten und Dingen, von denen man vorher gar nicht wusste, dass man sie unbedingt braucht: Beim Tr\u00f6deln wei\u00df man schlie\u00dflich nie genau, was einem vor die Augen kommt. Vielleicht ist es das alte Buch, nach dem Du schon lange suchst. Vielleicht findest Du ein sch\u00f6nes St\u00fcck f\u00fcr Deine Wohnung, ein Spielzeug f\u00fcr die Kinder oder einfach das perfekte Schn\u00e4ppchen. Manchmal geht man auch nur zum Schauen los und kommt mit einer T\u00fcte voller \u201eEigentlich wollte ich doch nur mal gucken\u201c, Fundst\u00fccke wieder nach Hause.<\/p>\n","protected":false},"author":2,"featured_media":2052,"comment_status":"open","ping_status":"open","sticky":false,"template":"","format":"standard","meta":{"footnotes":""},"categories":[1,43],"tags":[110,109,108,107],"class_list":["post-2050","post","type-post","status-publish","format-standard","has-post-thumbnail","hentry","category-allgemein","category-holweide-troedelt","tag-flohmarkt-koeln-2026","tag-flohmarkt-koeln-holweide-troedelmarkt-koeln-2026","tag-holweide-troedelt","tag-troedelmarkt-koeln-holweide"],"aioseo_notices":[],"aioseo_head":"\n\t\t<!-- All in One SEO 5.0.1.1 - aioseo.com -->\n\t<meta name=\"description\" content=\"St\u00f6bern, feilschen, entdecken und nette Menschen treffen Am Sonntag, 6. September 2026 ab 11 Uhr, hei\u00dft es in Holweide wieder: Holweide tr\u00f6delt! Viermal im Jahr l\u00e4dt die B\u00fcrgervereinigung K\u00f6ln-Holweide e.V. zum beliebten Tr\u00f6delmarkt ein und jedes Mal gibt es jede Menge zu entdecken. Von gut erhaltener Kleidung \u00fcber B\u00fccher, Spielzeug und Haushaltswaren bis hin\" \/>\n\t<meta name=\"robots\" content=\"max-image-preview:large\" \/>\n\t<meta name=\"author\" content=\"Karin Austmeyer\"\/>\n\t<link rel=\"canonical\" href=\"https:\/\/www.holweide-bv.de\/index.php\/2026\/08\/31\/holweide-troedelt-wieder-troedelmarkt-am-6-september-2026\/\" \/>\n\t<meta name=\"generator\" content=\"All in One SEO (AIOSEO) 5.0.1.1\" \/>\n\t\t<meta property=\"og:locale\" content=\"de_DE\" \/>\n\t\t<meta property=\"og:site_name\" content=\"B\u00fcrgervereinigung Holweide -\" \/>\n\t\t<meta property=\"og:type\" content=\"article\" \/>\n\t\t<meta property=\"og:title\" content=\"Holweide tr\u00f6delt wieder \u2013 Tr\u00f6delmarkt am 6. September 2026 - B\u00fcrgervereinigung Holweide\" \/>\n\t\t<meta property=\"og:description\" content=\"St\u00f6bern, feilschen, entdecken und nette Menschen treffen Am Sonntag, 6. September 2026 ab 11 Uhr, hei\u00dft es in Holweide wieder: Holweide tr\u00f6delt! Viermal im Jahr l\u00e4dt die B\u00fcrgervereinigung K\u00f6ln-Holweide e.V. zum beliebten Tr\u00f6delmarkt ein und jedes Mal gibt es jede Menge zu entdecken. Von gut erhaltener Kleidung \u00fcber B\u00fccher, Spielzeug und Haushaltswaren bis hin\" \/>\n\t\t<meta property=\"og:url\" content=\"https:\/\/www.holweide-bv.de\/index.php\/2026\/08\/31\/holweide-troedelt-wieder-troedelmarkt-am-6-september-2026\/\" \/>\n\t\t<meta property=\"article:published_time\" content=\"2026-08-31T11:26:42+00:00\" \/>\n\t\t<meta property=\"article:modified_time\" content=\"2026-08-31T11:30:40+00:00\" \/>\n\t\t<meta property=\"article:publisher\" content=\"https:\/\/www.facebook.com\/search\/top\/?q=brgervereinigungkln-holweidee.v.\" \/>\n\t\t<meta name=\"twitter:card\" content=\"summary_large_image\" \/>\n\t\t<meta name=\"twitter:title\" content=\"Holweide tr\u00f6delt wieder \u2013 Tr\u00f6delmarkt am 6. September 2026 - B\u00fcrgervereinigung Holweide\" \/>\n\t\t<meta name=\"twitter:description\" content=\"St\u00f6bern, feilschen, entdecken und nette Menschen treffen Am Sonntag, 6. September 2026 ab 11 Uhr, hei\u00dft es in Holweide wieder: Holweide tr\u00f6delt! Viermal im Jahr l\u00e4dt die B\u00fcrgervereinigung K\u00f6ln-Holweide e.V. zum beliebten Tr\u00f6delmarkt ein und jedes Mal gibt es jede Menge zu entdecken. Von gut erhaltener Kleidung \u00fcber B\u00fccher, Spielzeug und Haushaltswaren bis hin\" \/>\n\t\t<script type=\"application\/ld+json\" class=\"aioseo-schema\">\n\t\t\t{\"@context\":\"https:\\\/\\\/schema.org\",\"@graph\":[{\"@type\":\"BlogPosting\",\"@id\":\"https:\\\/\\\/www.holweide-bv.de\\\/index.php\\\/2026\\\/08\\\/31\\\/holweide-troedelt-wieder-troedelmarkt-am-6-september-2026\\\/#blogposting\",\"name\":\"Holweide tr\\u00f6delt wieder \\u2013 Tr\\u00f6delmarkt am 6. September 2026 - B\\u00fcrgervereinigung Holweide\",\"headline\":\"Holweide tr\\u00f6delt wieder \\u2013 Tr\\u00f6delmarkt am 6. September 2026\",\"author\":{\"@id\":\"https:\\\/\\\/www.holweide-bv.de\\\/index.php\\\/author\\\/karin\\\/#author\"},\"publisher\":{\"@id\":\"https:\\\/\\\/www.holweide-bv.de\\\/#organization\"},\"image\":{\"@type\":\"ImageObject\",\"url\":\"https:\\\/\\\/www.holweide-bv.de\\\/wp-content\\\/uploads\\\/2026\\\/08\\\/troedelmarkt_3-e1788175390432.jpg\",\"width\":2000,\"height\":717},\"datePublished\":\"2026-08-31T13:26:42+02:00\",\"dateModified\":\"2026-08-31T13:30:40+02:00\",\"inLanguage\":\"de-DE\",\"mainEntityOfPage\":{\"@id\":\"https:\\\/\\\/www.holweide-bv.de\\\/index.php\\\/2026\\\/08\\\/31\\\/holweide-troedelt-wieder-troedelmarkt-am-6-september-2026\\\/#webpage\"},\"isPartOf\":{\"@id\":\"https:\\\/\\\/www.holweide-bv.de\\\/index.php\\\/2026\\\/08\\\/31\\\/holweide-troedelt-wieder-troedelmarkt-am-6-september-2026\\\/#webpage\"},\"articleSection\":\"Allgemein, Holweide tr\\u00f6delt, Flohmarkt K\\u00f6ln 2026, Flohmarkt K\\u00f6ln-Holweide. Tr\\u00f6delmarkt K\\u00f6ln 2026, Holweide tr\\u00f6delt, Tr\\u00f6delmarkt K\\u00f6ln-Holweide\"},{\"@type\":\"BreadcrumbList\",\"@id\":\"https:\\\/\\\/www.holweide-bv.de\\\/index.php\\\/2026\\\/08\\\/31\\\/holweide-troedelt-wieder-troedelmarkt-am-6-september-2026\\\/#breadcrumblist\",\"itemListElement\":[{\"@type\":\"ListItem\",\"@id\":\"https:\\\/\\\/www.holweide-bv.de#listItem\",\"position\":1,\"name\":\"Home\",\"item\":\"https:\\\/\\\/www.holweide-bv.de\",\"nextItem\":{\"@type\":\"ListItem\",\"@id\":\"https:\\\/\\\/www.holweide-bv.de\\\/index.php\\\/category\\\/allgemein\\\/#listItem\",\"name\":\"Allgemein\"}},{\"@type\":\"ListItem\",\"@id\":\"https:\\\/\\\/www.holweide-bv.de\\\/index.php\\\/category\\\/allgemein\\\/#listItem\",\"position\":2,\"name\":\"Allgemein\",\"item\":\"https:\\\/\\\/www.holweide-bv.de\\\/index.php\\\/category\\\/allgemein\\\/\",\"nextItem\":{\"@type\":\"ListItem\",\"@id\":\"https:\\\/\\\/www.holweide-bv.de\\\/index.php\\\/2026\\\/08\\\/31\\\/holweide-troedelt-wieder-troedelmarkt-am-6-september-2026\\\/#listItem\",\"name\":\"Holweide tr\\u00f6delt wieder \\u2013 Tr\\u00f6delmarkt am 6. September 2026\"},\"previousItem\":{\"@type\":\"ListItem\",\"@id\":\"https:\\\/\\\/www.holweide-bv.de#listItem\",\"name\":\"Home\"}},{\"@type\":\"ListItem\",\"@id\":\"https:\\\/\\\/www.holweide-bv.de\\\/index.php\\\/2026\\\/08\\\/31\\\/holweide-troedelt-wieder-troedelmarkt-am-6-september-2026\\\/#listItem\",\"position\":3,\"name\":\"Holweide tr\\u00f6delt wieder \\u2013 Tr\\u00f6delmarkt am 6. September 2026\",\"previousItem\":{\"@type\":\"ListItem\",\"@id\":\"https:\\\/\\\/www.holweide-bv.de\\\/index.php\\\/category\\\/allgemein\\\/#listItem\",\"name\":\"Allgemein\"}}]},{\"@type\":\"Organization\",\"@id\":\"https:\\\/\\\/www.holweide-bv.de\\\/#organization\",\"name\":\"B\\u00fcrgervereinigung Holweide\",\"url\":\"https:\\\/\\\/www.holweide-bv.de\\\/\",\"sameAs\":[\"https:\\\/\\\/www.facebook.com\\\/search\\\/top\\\/?q=brgervereinigungkln-holweidee.v.\",\"https:\\\/\\\/www.instagram.com\\\/burgervereinigungholweide\\\/\"]},{\"@type\":\"Person\",\"@id\":\"https:\\\/\\\/www.holweide-bv.de\\\/index.php\\\/author\\\/karin\\\/#author\",\"url\":\"https:\\\/\\\/www.holweide-bv.de\\\/index.php\\\/author\\\/karin\\\/\",\"name\":\"Karin Austmeyer\",\"image\":{\"@type\":\"ImageObject\",\"@id\":\"https:\\\/\\\/www.holweide-bv.de\\\/index.php\\\/2026\\\/08\\\/31\\\/holweide-troedelt-wieder-troedelmarkt-am-6-september-2026\\\/#authorImage\",\"url\":\"https:\\\/\\\/secure.gravatar.com\\\/avatar\\\/9dd43533f48be781153ac9ee009f117749fc8e1ccaf95b57942f7e67596d6bdb?s=96&d=mm&r=g\",\"width\":96,\"height\":96,\"caption\":\"Karin Austmeyer\"}},{\"@type\":\"WebPage\",\"@id\":\"https:\\\/\\\/www.holweide-bv.de\\\/index.php\\\/2026\\\/08\\\/31\\\/holweide-troedelt-wieder-troedelmarkt-am-6-september-2026\\\/#webpage\",\"url\":\"https:\\\/\\\/www.holweide-bv.de\\\/index.php\\\/2026\\\/08\\\/31\\\/holweide-troedelt-wieder-troedelmarkt-am-6-september-2026\\\/\",\"name\":\"Holweide tr\\u00f6delt wieder \\u2013 Tr\\u00f6delmarkt am 6. September 2026 - B\\u00fcrgervereinigung Holweide\",\"description\":\"St\\u00f6bern, feilschen, entdecken und nette Menschen treffen Am Sonntag, 6. September 2026 ab 11 Uhr, hei\\u00dft es in Holweide wieder: Holweide tr\\u00f6delt! Viermal im Jahr l\\u00e4dt die B\\u00fcrgervereinigung K\\u00f6ln-Holweide e.V. zum beliebten Tr\\u00f6delmarkt ein und jedes Mal gibt es jede Menge zu entdecken. Von gut erhaltener Kleidung \\u00fcber B\\u00fccher, Spielzeug und Haushaltswaren bis hin\",\"inLanguage\":\"de-DE\",\"isPartOf\":{\"@id\":\"https:\\\/\\\/www.holweide-bv.de\\\/#website\"},\"breadcrumb\":{\"@id\":\"https:\\\/\\\/www.holweide-bv.de\\\/index.php\\\/2026\\\/08\\\/31\\\/holweide-troedelt-wieder-troedelmarkt-am-6-september-2026\\\/#breadcrumblist\"},\"author\":{\"@id\":\"https:\\\/\\\/www.holweide-bv.de\\\/index.php\\\/author\\\/karin\\\/#author\"},\"creator\":{\"@id\":\"https:\\\/\\\/www.holweide-bv.de\\\/index.php\\\/author\\\/karin\\\/#author\"},\"image\":{\"@type\":\"ImageObject\",\"url\":\"https:\\\/\\\/www.holweide-bv.de\\\/wp-content\\\/uploads\\\/2026\\\/08\\\/troedelmarkt_3-e1788175390432.jpg\",\"@id\":\"https:\\\/\\\/www.holweide-bv.de\\\/index.php\\\/2026\\\/08\\\/31\\\/holweide-troedelt-wieder-troedelmarkt-am-6-september-2026\\\/#mainImage\",\"width\":2000,\"height\":717},\"primaryImageOfPage\":{\"@id\":\"https:\\\/\\\/www.holweide-bv.de\\\/index.php\\\/2026\\\/08\\\/31\\\/holweide-troedelt-wieder-troedelmarkt-am-6-september-2026\\\/#mainImage\"},\"datePublished\":\"2026-08-31T13:26:42+02:00\",\"dateModified\":\"2026-08-31T13:30:40+02:00\"},{\"@type\":\"WebSite\",\"@id\":\"https:\\\/\\\/www.holweide-bv.de\\\/#website\",\"url\":\"https:\\\/\\\/www.holweide-bv.de\\\/\",\"name\":\"B\\u00fcrgervereinigung Holweide\",\"inLanguage\":\"de-DE\",\"publisher\":{\"@id\":\"https:\\\/\\\/www.holweide-bv.de\\\/#organization\"}}]}\n\t\t<\/script>\n\t\t<!-- All in One SEO -->\n\n","aioseo_head_json":{"title":"Holweide tr\u00f6delt wieder \u2013 Tr\u00f6delmarkt am 6. September 2026 - B\u00fcrgervereinigung Holweide","description":"St\u00f6bern, feilschen, entdecken und nette Menschen treffen Am Sonntag, 6. September 2026 ab 11 Uhr, hei\u00dft es in Holweide wieder: Holweide tr\u00f6delt! Viermal im Jahr l\u00e4dt die B\u00fcrgervereinigung K\u00f6ln-Holweide e.V. zum beliebten Tr\u00f6delmarkt ein und jedes Mal gibt es jede Menge zu entdecken. Von gut erhaltener Kleidung \u00fcber B\u00fccher, Spielzeug und Haushaltswaren bis hin","canonical_url":"https:\/\/www.holweide-bv.de\/index.php\/2026\/08\/31\/holweide-troedelt-wieder-troedelmarkt-am-6-september-2026\/","robots":"max-image-preview:large","keywords":"","webmasterTools":{"miscellaneous":""},"schema":{"@context":"https:\/\/schema.org","@graph":[{"@type":"BlogPosting","@id":"https:\/\/www.holweide-bv.de\/index.php\/2026\/08\/31\/holweide-troedelt-wieder-troedelmarkt-am-6-september-2026\/#blogposting","name":"Holweide tr\u00f6delt wieder \u2013 Tr\u00f6delmarkt am 6. September 2026 - B\u00fcrgervereinigung Holweide","headline":"Holweide tr\u00f6delt wieder \u2013 Tr\u00f6delmarkt am 6. September 2026","author":{"@id":"https:\/\/www.holweide-bv.de\/index.php\/author\/karin\/#author"},"publisher":{"@id":"https:\/\/www.holweide-bv.de\/#organization"},"image":{"@type":"ImageObject","url":"https:\/\/www.holweide-bv.de\/wp-content\/uploads\/2026\/08\/troedelmarkt_3-e1788175390432.jpg","width":2000,"height":717},"datePublished":"2026-08-31T13:26:42+02:00","dateModified":"2026-08-31T13:30:40+02:00","inLanguage":"de-DE","mainEntityOfPage":{"@id":"https:\/\/www.holweide-bv.de\/index.php\/2026\/08\/31\/holweide-troedelt-wieder-troedelmarkt-am-6-september-2026\/#webpage"},"isPartOf":{"@id":"https:\/\/www.holweide-bv.de\/index.php\/2026\/08\/31\/holweide-troedelt-wieder-troedelmarkt-am-6-september-2026\/#webpage"},"articleSection":"Allgemein, Holweide tr\u00f6delt, Flohmarkt K\u00f6ln 2026, Flohmarkt K\u00f6ln-Holweide. Tr\u00f6delmarkt K\u00f6ln 2026, Holweide tr\u00f6delt, Tr\u00f6delmarkt K\u00f6ln-Holweide"},{"@type":"BreadcrumbList","@id":"https:\/\/www.holweide-bv.de\/index.php\/2026\/08\/31\/holweide-troedelt-wieder-troedelmarkt-am-6-september-2026\/#breadcrumblist","itemListElement":[{"@type":"ListItem","@id":"https:\/\/www.holweide-bv.de#listItem","position":1,"name":"Home","item":"https:\/\/www.holweide-bv.de","nextItem":{"@type":"ListItem","@id":"https:\/\/www.holweide-bv.de\/index.php\/category\/allgemein\/#listItem","name":"Allgemein"}},{"@type":"ListItem","@id":"https:\/\/www.holweide-bv.de\/index.php\/category\/allgemein\/#listItem","position":2,"name":"Allgemein","item":"https:\/\/www.holweide-bv.de\/index.php\/category\/allgemein\/","nextItem":{"@type":"ListItem","@id":"https:\/\/www.holweide-bv.de\/index.php\/2026\/08\/31\/holweide-troedelt-wieder-troedelmarkt-am-6-september-2026\/#listItem","name":"Holweide tr\u00f6delt wieder \u2013 Tr\u00f6delmarkt am 6. September 2026"},"previousItem":{"@type":"ListItem","@id":"https:\/\/www.holweide-bv.de#listItem","name":"Home"}},{"@type":"ListItem","@id":"https:\/\/www.holweide-bv.de\/index.php\/2026\/08\/31\/holweide-troedelt-wieder-troedelmarkt-am-6-september-2026\/#listItem","position":3,"name":"Holweide tr\u00f6delt wieder \u2013 Tr\u00f6delmarkt am 6. September 2026","previousItem":{"@type":"ListItem","@id":"https:\/\/www.holweide-bv.de\/index.php\/category\/allgemein\/#listItem","name":"Allgemein"}}]},{"@type":"Organization","@id":"https:\/\/www.holweide-bv.de\/#organization","name":"B\u00fcrgervereinigung Holweide","url":"https:\/\/www.holweide-bv.de\/","sameAs":["https:\/\/www.facebook.com\/search\/top\/?q=brgervereinigungkln-holweidee.v.","https:\/\/www.instagram.com\/burgervereinigungholweide\/"]},{"@type":"Person","@id":"https:\/\/www.holweide-bv.de\/index.php\/author\/karin\/#author","url":"https:\/\/www.holweide-bv.de\/index.php\/author\/karin\/","name":"Karin Austmeyer","image":{"@type":"ImageObject","@id":"https:\/\/www.holweide-bv.de\/index.php\/2026\/08\/31\/holweide-troedelt-wieder-troedelmarkt-am-6-september-2026\/#authorImage","url":"https:\/\/secure.gravatar.com\/avatar\/9dd43533f48be781153ac9ee009f117749fc8e1ccaf95b57942f7e67596d6bdb?s=96&d=mm&r=g","width":96,"height":96,"caption":"Karin Austmeyer"}},{"@type":"WebPage","@id":"https:\/\/www.holweide-bv.de\/index.php\/2026\/08\/31\/holweide-troedelt-wieder-troedelmarkt-am-6-september-2026\/#webpage","url":"https:\/\/www.holweide-bv.de\/index.php\/2026\/08\/31\/holweide-troedelt-wieder-troedelmarkt-am-6-september-2026\/","name":"Holweide tr\u00f6delt wieder \u2013 Tr\u00f6delmarkt am 6. September 2026 - B\u00fcrgervereinigung Holweide","description":"St\u00f6bern, feilschen, entdecken und nette Menschen treffen Am Sonntag, 6. September 2026 ab 11 Uhr, hei\u00dft es in Holweide wieder: Holweide tr\u00f6delt! Viermal im Jahr l\u00e4dt die B\u00fcrgervereinigung K\u00f6ln-Holweide e.V. zum beliebten Tr\u00f6delmarkt ein und jedes Mal gibt es jede Menge zu entdecken. Von gut erhaltener Kleidung \u00fcber B\u00fccher, Spielzeug und Haushaltswaren bis hin","inLanguage":"de-DE","isPartOf":{"@id":"https:\/\/www.holweide-bv.de\/#website"},"breadcrumb":{"@id":"https:\/\/www.holweide-bv.de\/index.php\/2026\/08\/31\/holweide-troedelt-wieder-troedelmarkt-am-6-september-2026\/#breadcrumblist"},"author":{"@id":"https:\/\/www.holweide-bv.de\/index.php\/author\/karin\/#author"},"creator":{"@id":"https:\/\/www.holweide-bv.de\/index.php\/author\/karin\/#author"},"image":{"@type":"ImageObject","url":"https:\/\/www.holweide-bv.de\/wp-content\/uploads\/2026\/08\/troedelmarkt_3-e1788175390432.jpg","@id":"https:\/\/www.holweide-bv.de\/index.php\/2026\/08\/31\/holweide-troedelt-wieder-troedelmarkt-am-6-september-2026\/#mainImage","width":2000,"height":717},"primaryImageOfPage":{"@id":"https:\/\/www.holweide-bv.de\/index.php\/2026\/08\/31\/holweide-troedelt-wieder-troedelmarkt-am-6-september-2026\/#mainImage"},"datePublished":"2026-08-31T13:26:42+02:00","dateModified":"2026-08-31T13:30:40+02:00"},{"@type":"WebSite","@id":"https:\/\/www.holweide-bv.de\/#website","url":"https:\/\/www.holweide-bv.de\/","name":"B\u00fcrgervereinigung Holweide","inLanguage":"de-DE","publisher":{"@id":"https:\/\/www.holweide-bv.de\/#organization"}}]},"og:locale":"de_DE","og:site_name":"B\u00fcrgervereinigung Holweide -","og:type":"article","og:title":"Holweide tr\u00f6delt wieder \u2013 Tr\u00f6delmarkt am 6. September 2026 - B\u00fcrgervereinigung Holweide","og:description":"St\u00f6bern, feilschen, entdecken und nette Menschen treffen Am Sonntag, 6. September 2026 ab 11 Uhr, hei\u00dft es in Holweide wieder: Holweide tr\u00f6delt! Viermal im Jahr l\u00e4dt die B\u00fcrgervereinigung K\u00f6ln-Holweide e.V. zum beliebten Tr\u00f6delmarkt ein und jedes Mal gibt es jede Menge zu entdecken. Von gut erhaltener Kleidung \u00fcber B\u00fccher, Spielzeug und Haushaltswaren bis hin","og:url":"https:\/\/www.holweide-bv.de\/index.php\/2026\/08\/31\/holweide-troedelt-wieder-troedelmarkt-am-6-september-2026\/","article:published_time":"2026-08-31T11:26:42+00:00","article:modified_time":"2026-08-31T11:30:40+00:00","article:publisher":"https:\/\/www.facebook.com\/search\/top\/?q=brgervereinigungkln-holweidee.v.","twitter:card":"summary_large_image","twitter:title":"Holweide tr\u00f6delt wieder \u2013 Tr\u00f6delmarkt am 6. September 2026 - B\u00fcrgervereinigung Holweide","twitter:description":"St\u00f6bern, feilschen, entdecken und nette Menschen treffen Am Sonntag, 6. September 2026 ab 11 Uhr, hei\u00dft es in Holweide wieder: Holweide tr\u00f6delt! Viermal im Jahr l\u00e4dt die B\u00fcrgervereinigung K\u00f6ln-Holweide e.V. zum beliebten Tr\u00f6delmarkt ein und jedes Mal gibt es jede Menge zu entdecken. Von gut erhaltener Kleidung \u00fcber B\u00fccher, Spielzeug und Haushaltswaren bis hin"},"aioseo_meta_data":{"post_id":"2050","title":null,"description":null,"keywords":null,"keyphrases":{"focus":{"keyphrase":"","score":0,"analysis":{"keyphraseInTitle":{"score":0,"maxScore":9,"error":1}}},"additional":[]},"focus_keyword":null,"additional_keywords":null,"truseo_locale":null,"primary_term":null,"canonical_url":null,"og_title":null,"og_description":null,"og_object_type":"default","og_image_type":"default","og_image_custom_url":null,"og_image_custom_fields":null,"og_image_url":null,"og_image_width":null,"og_image_height":null,"og_video":"","og_custom_url":null,"og_article_section":null,"og_article_tags":null,"twitter_use_og":false,"twitter_card":"default","twitter_image_type":"default","twitter_image_custom_url":null,"twitter_image_custom_fields":null,"twitter_image_url":null,"twitter_title":null,"twitter_description":null,"schema_type":"default","schema_type_options":null,"schema":{"blockGraphs":[],"customGraphs":[],"default":{"data":{"Article":[],"Course":[],"Dataset":[],"FAQPage":[],"Movie":[],"Person":[],"Product":[],"ProductReview":[],"Car":[],"Recipe":[],"Service":[],"SoftwareApplication":[],"WebPage":[]},"graphName":"BlogPosting","isEnabled":true},"graphs":[]},"pillar_content":false,"robots_default":true,"robots_noindex":false,"robots_noarchive":false,"robots_nosnippet":false,"robots_nofollow":false,"robots_noimageindex":false,"robots_noodp":false,"robots_notranslate":false,"robots_max_snippet":"-1","robots_max_videopreview":"-1","robots_max_imagepreview":"large","priority":null,"frequency":"default","local_seo":null,"limit_modified_date":false,"ai":{"faqs":[],"keyPoints":[],"schemas":[],"titles":[],"descriptions":[],"socialPosts":{"email":{"subject":"","preview":"","content":""},"linkedin":[],"twitter":[],"facebook":[],"instagram":[]}},"breadcrumb_settings":null,"seo_analyzer_scan_date":null,"created":"2026-08-31 11:13:35","updated":"2026-08-31 12:00:16"},"aioseo_breadcrumb":"<div class=\"aioseo-breadcrumbs\"><span class=\"aioseo-breadcrumb\">\n\t\t\t<a href=\"https:\/\/www.holweide-bv.de\" title=\"Home\">Home<\/a>\n\t\t<\/span><span class=\"aioseo-breadcrumb-separator\">&raquo;<\/span><span class=\"aioseo-breadcrumb\">\n\t\t\t<a href=\"https:\/\/www.holweide-bv.de\/index.php\/category\/allgemein\/\" title=\"Allgemein\">Allgemein<\/a>\n\t\t<\/span><span class=\"aioseo-breadcrumb-separator\">&raquo;<\/span><span class=\"aioseo-breadcrumb\">\n\t\t\tHolweide tr\u00f6delt wieder \u2013 Tr\u00f6delmarkt am 6. September 2026\n\t\t<\/span><\/div>","aioseo_breadcrumb_json":[{"label":"Home","link":"https:\/\/www.holweide-bv.de"},{"label":"Allgemein","link":"https:\/\/www.holweide-bv.de\/index.php\/category\/allgemein\/"},{"label":"Holweide tr\u00f6delt wieder \u2013 Tr\u00f6delmarkt am 6. September 2026","link":"https:\/\/www.holweide-bv.de\/index.php\/2026\/08\/31\/holweide-troedelt-wieder-troedelmarkt-am-6-september-2026\/"}],"_links":{"self":[{"href":"https:\/\/www.holweide-bv.de\/index.php\/wp-json\/wp\/v2\/posts\/2050","targetHints":{"allow":["GET"]}}],"collection":[{"href":"https:\/\/www.holweide-bv.de\/index.php\/wp-json\/wp\/v2\/posts"}],"about":[{"href":"https:\/\/www.holweide-bv.de\/index.php\/wp-json\/wp\/v2\/types\/post"}],"author":[{"embeddable":true,"href":"https:\/\/www.holweide-bv.de\/index.php\/wp-json\/wp\/v2\/users\/2"}],"replies":[{"embeddable":true,"href":"https:\/\/www.holweide-bv.de\/index.php\/wp-json\/wp\/v2\/comments?post=2050"}],"version-history":[{"count":5,"href":"https:\/\/www.holweide-bv.de\/index.php\/wp-json\/wp\/v2\/posts\/2050\/revisions"}],"predecessor-version":[{"id":2056,"href":"https:\/\/www.holweide-bv.de\/index.php\/wp-json\/wp\/v2\/posts\/2050\/revisions\/2056"}],"wp:featuredmedia":[{"embeddable":true,"href":"https:\/\/www.holweide-bv.de\/index.php\/wp-json\/wp\/v2\/media\/2052"}],"wp:attachment":[{"href":"https:\/\/www.holweide-bv.de\/index.php\/wp-json\/wp\/v2\/media?parent=2050"}],"wp:term":[{"taxonomy":"category","embeddable":true,"href":"https:\/\/www.holweide-bv.de\/index.php\/wp-json\/wp\/v2\/categories?post=2050"},{"taxonomy":"post_tag","embeddable":true,"href":"https:\/\/www.holweide-bv.de\/index.php\/wp-json\/wp\/v2\/tags?post=2050"}],"curies":[{"name":"wp","href":"https:\/\/api.w.org\/{rel}","templated":true}]}}