{"id":2065,"date":"2026-09-02T15:59:56","date_gmt":"2026-09-02T13:59:56","guid":{"rendered":"https:\/\/www.holweide-bv.de\/?p=2065"},"modified":"2026-09-02T15:59:56","modified_gmt":"2026-09-02T13:59:56","slug":"holweide-troedelt-wieder-am-6-september-wird-auf-dem-holweider-marktplatz-gestoebert-und-gefeilscht","status":"publish","type":"post","link":"https:\/\/www.holweide-bv.de\/index.php\/2026\/09\/02\/holweide-troedelt-wieder-am-6-september-wird-auf-dem-holweider-marktplatz-gestoebert-und-gefeilscht\/","title":{"rendered":"Holweide tr\u00f6delt wieder: Am 6. September wird auf dem Holweider Marktplatz gest\u00f6bert und gefeilscht"},"content":{"rendered":"<p style=\"text-align: center;\"><strong><u>Pressemitteilung<\/u><\/strong><\/p>\n<p>&nbsp;<\/p>\n<p>K\u00f6ln-Holweide, August 2026 \u2013 Am Sonntag, 6. September 2026, hei\u00dft es in Holweide wieder: \u201eHolweide tr\u00f6delt!\u201c Die B\u00fcrgervereinigung K\u00f6ln-Holweide e.V. l\u00e4dt von 11:00 bis 17:00 Uhr zum n\u00e4chsten Tr\u00f6delmarkt auf den Holweider Marktplatz ein und freut sich auf zahlreiche Besucherinnen und Besucher.<\/p>\n<p>Viermal im Jahr wird der Tr\u00f6delmarkt zu einem beliebten Treffpunkt im Stadtteil. Ob Kleidung, B\u00fccher, Spielzeug, Haushaltswaren, Dekoration, Schallplatten, Sammlerst\u00fccke oder kleine Rarit\u00e4ten \u2013 wer gerne st\u00f6bert, kann hier immer wieder \u00dcberraschendes entdecken.<\/p>\n<p>Dabei steht nicht allein das Kaufen und Verkaufen im Mittelpunkt. \u201eHolweide tr\u00f6delt\u201c ist auch ein St\u00fcck gelebte Nachbarschaft. Menschen aus Holweide und Umgebung kommen zusammen, treffen Bekannte, lernen neue Menschen kennen und genie\u00dfen die besondere Atmosph\u00e4re eines lebendigen Tr\u00f6delmarktes.<\/p>\n<p>Auch der Nachhaltigkeitsgedanke spielt eine Rolle: Was im eigenen Haushalt nicht mehr gebraucht wird, muss nicht automatisch entsorgt werden. Beim Tr\u00f6delmarkt k\u00f6nnen gebrauchte Dinge neue Besitzer finden und damit weiter genutzt werden.<\/p>\n<p>Die B\u00fcrgervereinigung K\u00f6ln-Holweide e.V. freut sich deshalb auf einen bunten und abwechslungsreichen Tr\u00f6delmarkt und auf viele Menschen, die am 6. September auf dem Holweider Marktplatz vorbeischauen.<\/p>\n<p><strong>Auf einen Blick:<\/strong><\/p>\n<p>Holweide tr\u00f6delt<br \/>\n\ud83d\udcc5 Sonntag, 6. September 2026<br \/>\n\u23f0 11:00 bis 17:00 Uhr<br \/>\n\ud83d\udccd Holweider Marktplatz, K\u00f6ln-Holweide<br \/>\n\ud83c\udf9f\ufe0f Eintritt frei<\/p>\n<p>Veranstalter: B\u00fcrgervereinigung K\u00f6ln-Holweide e.V.<\/p>\n<p><strong>\u00a0<\/strong><\/p>\n<p><strong>Pressekontakt<\/strong><\/p>\n<p><strong>B\u00fcrgervereinigung K\u00f6ln-Holweide e.V.<\/strong><br \/>\nKarin Austmeyer<br \/>\nPresse- und \u00d6ffentlichkeitsarbeit<br \/>\nE-Mail: <a href=\"mailto:presse-oeffentlichkeitsarbeit@holweide-bv.de\">presse-oeffentlichkeitsarbeit@holweide-bv.de<\/a><br \/>\nInternet: <a href=\"http:\/\/www.holweide-bv-de\">www.holweide-bv-de<\/a><\/p>\n","protected":false},"excerpt":{"rendered":"<p>Pressemitteilung &nbsp; K\u00f6ln-Holweide, August 2026 \u2013 Am Sonntag, 6. September 2026, hei\u00dft es in Holweide wieder: \u201eHolweide tr\u00f6delt!\u201c Die B\u00fcrgervereinigung K\u00f6ln-Holweide e.V. l\u00e4dt von 11:00 bis 17:00 Uhr zum n\u00e4chsten Tr\u00f6delmarkt auf den Holweider Marktplatz ein und freut sich auf zahlreiche Besucherinnen und Besucher. Viermal im Jahr wird der Tr\u00f6delmarkt zu einem beliebten Treffpunkt im Stadtteil. Ob Kleidung, B\u00fccher, Spielzeug, Haushaltswaren, Dekoration, Schallplatten, Sammlerst\u00fccke oder kleine Rarit\u00e4ten \u2013 wer gerne st\u00f6bert, kann hier immer wieder \u00dcberraschendes entdecken. Dabei steht nicht allein das Kaufen und Verkaufen im Mittelpunkt. \u201eHolweide tr\u00f6delt\u201c ist auch ein St\u00fcck gelebte Nachbarschaft. Menschen aus Holweide und Umgebung kommen zusammen, treffen Bekannte, lernen neue Menschen kennen und genie\u00dfen die besondere Atmosph\u00e4re eines lebendigen Tr\u00f6delmarktes. Auch der Nachhaltigkeitsgedanke spielt eine Rolle: Was im eigenen Haushalt nicht mehr gebraucht wird, muss nicht automatisch entsorgt werden. Beim Tr\u00f6delmarkt k\u00f6nnen gebrauchte Dinge neue Besitzer finden und damit weiter genutzt werden. Die B\u00fcrgervereinigung K\u00f6ln-Holweide e.V. freut sich deshalb auf einen bunten und abwechslungsreichen Tr\u00f6delmarkt und auf viele Menschen, die am 6. September auf dem Holweider Marktplatz vorbeischauen. Auf einen Blick: Holweide tr\u00f6delt \ud83d\udcc5 Sonntag, 6. September 2026 \u23f0 11:00 bis 17:00 Uhr \ud83d\udccd Holweider Marktplatz, K\u00f6ln-Holweide \ud83c\udf9f\ufe0f Eintritt frei Veranstalter: B\u00fcrgervereinigung K\u00f6ln-Holweide e.V. \u00a0 Pressekontakt B\u00fcrgervereinigung K\u00f6ln-Holweide e.V. Karin Austmeyer Presse- und \u00d6ffentlichkeitsarbeit E-Mail: presse-oeffentlichkeitsarbeit@holweide-bv.de Internet: www.holweide-bv-de<\/p>\n","protected":false},"author":2,"featured_media":0,"comment_status":"open","ping_status":"open","sticky":false,"template":"","format":"standard","meta":{"footnotes":""},"categories":[111],"tags":[],"class_list":["post-2065","post","type-post","status-publish","format-standard","hentry","category-presse"],"aioseo_notices":[],"aioseo_head":"\n\t\t<!-- All in One SEO 5.0.1.1 - aioseo.com -->\n\t<meta name=\"description\" content=\"Pressemitteilung K\u00f6ln-Holweide, August 2026 \u2013 Am Sonntag, 6. September 2026, hei\u00dft es in Holweide wieder: \u201eHolweide tr\u00f6delt!\u201c Die B\u00fcrgervereinigung K\u00f6ln-Holweide e.V. l\u00e4dt von 11:00 bis 17:00 Uhr zum n\u00e4chsten Tr\u00f6delmarkt auf den Holweider Marktplatz ein und freut sich auf zahlreiche Besucherinnen und Besucher. Viermal im Jahr wird der Tr\u00f6delmarkt zu einem beliebten Treffpunkt im\" \/>\n\t<meta name=\"robots\" content=\"max-image-preview:large\" \/>\n\t<meta name=\"author\" content=\"Karin Austmeyer\"\/>\n\t<link rel=\"canonical\" href=\"https:\/\/www.holweide-bv.de\/index.php\/2026\/09\/02\/holweide-troedelt-wieder-am-6-september-wird-auf-dem-holweider-marktplatz-gestoebert-und-gefeilscht\/\" \/>\n\t<meta name=\"generator\" content=\"All in One SEO (AIOSEO) 5.0.1.1\" \/>\n\t\t<meta property=\"og:locale\" content=\"de_DE\" \/>\n\t\t<meta property=\"og:site_name\" content=\"B\u00fcrgervereinigung Holweide -\" \/>\n\t\t<meta property=\"og:type\" content=\"article\" \/>\n\t\t<meta property=\"og:title\" content=\"Holweide tr\u00f6delt wieder: Am 6. September wird auf dem Holweider Marktplatz gest\u00f6bert und gefeilscht - B\u00fcrgervereinigung Holweide\" \/>\n\t\t<meta property=\"og:description\" content=\"Pressemitteilung K\u00f6ln-Holweide, August 2026 \u2013 Am Sonntag, 6. September 2026, hei\u00dft es in Holweide wieder: \u201eHolweide tr\u00f6delt!\u201c Die B\u00fcrgervereinigung K\u00f6ln-Holweide e.V. l\u00e4dt von 11:00 bis 17:00 Uhr zum n\u00e4chsten Tr\u00f6delmarkt auf den Holweider Marktplatz ein und freut sich auf zahlreiche Besucherinnen und Besucher. Viermal im Jahr wird der Tr\u00f6delmarkt zu einem beliebten Treffpunkt im\" \/>\n\t\t<meta property=\"og:url\" content=\"https:\/\/www.holweide-bv.de\/index.php\/2026\/09\/02\/holweide-troedelt-wieder-am-6-september-wird-auf-dem-holweider-marktplatz-gestoebert-und-gefeilscht\/\" \/>\n\t\t<meta property=\"article:published_time\" content=\"2026-09-02T13:59:56+00:00\" \/>\n\t\t<meta property=\"article:modified_time\" content=\"2026-09-02T13:59:56+00:00\" \/>\n\t\t<meta property=\"article:publisher\" content=\"https:\/\/www.facebook.com\/search\/top\/?q=brgervereinigungkln-holweidee.v.\" \/>\n\t\t<meta name=\"twitter:card\" content=\"summary_large_image\" \/>\n\t\t<meta name=\"twitter:title\" content=\"Holweide tr\u00f6delt wieder: Am 6. September wird auf dem Holweider Marktplatz gest\u00f6bert und gefeilscht - B\u00fcrgervereinigung Holweide\" \/>\n\t\t<meta name=\"twitter:description\" content=\"Pressemitteilung K\u00f6ln-Holweide, August 2026 \u2013 Am Sonntag, 6. September 2026, hei\u00dft es in Holweide wieder: \u201eHolweide tr\u00f6delt!\u201c Die B\u00fcrgervereinigung K\u00f6ln-Holweide e.V. l\u00e4dt von 11:00 bis 17:00 Uhr zum n\u00e4chsten Tr\u00f6delmarkt auf den Holweider Marktplatz ein und freut sich auf zahlreiche Besucherinnen und Besucher. Viermal im Jahr wird der Tr\u00f6delmarkt zu einem beliebten Treffpunkt im\" \/>\n\t\t<script type=\"application\/ld+json\" class=\"aioseo-schema\">\n\t\t\t{\"@context\":\"https:\\\/\\\/schema.org\",\"@graph\":[{\"@type\":\"BlogPosting\",\"@id\":\"https:\\\/\\\/www.holweide-bv.de\\\/index.php\\\/2026\\\/09\\\/02\\\/holweide-troedelt-wieder-am-6-september-wird-auf-dem-holweider-marktplatz-gestoebert-und-gefeilscht\\\/#blogposting\",\"name\":\"Holweide tr\\u00f6delt wieder: Am 6. September wird auf dem Holweider Marktplatz gest\\u00f6bert und gefeilscht - B\\u00fcrgervereinigung Holweide\",\"headline\":\"Holweide tr\\u00f6delt wieder: Am 6. September wird auf dem Holweider Marktplatz gest\\u00f6bert und gefeilscht\",\"author\":{\"@id\":\"https:\\\/\\\/www.holweide-bv.de\\\/index.php\\\/author\\\/karin\\\/#author\"},\"publisher\":{\"@id\":\"https:\\\/\\\/www.holweide-bv.de\\\/#organization\"},\"datePublished\":\"2026-09-02T15:59:56+02:00\",\"dateModified\":\"2026-09-02T15:59:56+02:00\",\"inLanguage\":\"de-DE\",\"mainEntityOfPage\":{\"@id\":\"https:\\\/\\\/www.holweide-bv.de\\\/index.php\\\/2026\\\/09\\\/02\\\/holweide-troedelt-wieder-am-6-september-wird-auf-dem-holweider-marktplatz-gestoebert-und-gefeilscht\\\/#webpage\"},\"isPartOf\":{\"@id\":\"https:\\\/\\\/www.holweide-bv.de\\\/index.php\\\/2026\\\/09\\\/02\\\/holweide-troedelt-wieder-am-6-september-wird-auf-dem-holweider-marktplatz-gestoebert-und-gefeilscht\\\/#webpage\"},\"articleSection\":\"Presse\"},{\"@type\":\"BreadcrumbList\",\"@id\":\"https:\\\/\\\/www.holweide-bv.de\\\/index.php\\\/2026\\\/09\\\/02\\\/holweide-troedelt-wieder-am-6-september-wird-auf-dem-holweider-marktplatz-gestoebert-und-gefeilscht\\\/#breadcrumblist\",\"itemListElement\":[{\"@type\":\"ListItem\",\"@id\":\"https:\\\/\\\/www.holweide-bv.de#listItem\",\"position\":1,\"name\":\"Home\",\"item\":\"https:\\\/\\\/www.holweide-bv.de\",\"nextItem\":{\"@type\":\"ListItem\",\"@id\":\"https:\\\/\\\/www.holweide-bv.de\\\/index.php\\\/category\\\/presse\\\/#listItem\",\"name\":\"Presse\"}},{\"@type\":\"ListItem\",\"@id\":\"https:\\\/\\\/www.holweide-bv.de\\\/index.php\\\/category\\\/presse\\\/#listItem\",\"position\":2,\"name\":\"Presse\",\"item\":\"https:\\\/\\\/www.holweide-bv.de\\\/index.php\\\/category\\\/presse\\\/\",\"nextItem\":{\"@type\":\"ListItem\",\"@id\":\"https:\\\/\\\/www.holweide-bv.de\\\/index.php\\\/2026\\\/09\\\/02\\\/holweide-troedelt-wieder-am-6-september-wird-auf-dem-holweider-marktplatz-gestoebert-und-gefeilscht\\\/#listItem\",\"name\":\"Holweide tr\\u00f6delt wieder: Am 6. September wird auf dem Holweider Marktplatz gest\\u00f6bert und gefeilscht\"},\"previousItem\":{\"@type\":\"ListItem\",\"@id\":\"https:\\\/\\\/www.holweide-bv.de#listItem\",\"name\":\"Home\"}},{\"@type\":\"ListItem\",\"@id\":\"https:\\\/\\\/www.holweide-bv.de\\\/index.php\\\/2026\\\/09\\\/02\\\/holweide-troedelt-wieder-am-6-september-wird-auf-dem-holweider-marktplatz-gestoebert-und-gefeilscht\\\/#listItem\",\"position\":3,\"name\":\"Holweide tr\\u00f6delt wieder: Am 6. September wird auf dem Holweider Marktplatz gest\\u00f6bert und gefeilscht\",\"previousItem\":{\"@type\":\"ListItem\",\"@id\":\"https:\\\/\\\/www.holweide-bv.de\\\/index.php\\\/category\\\/presse\\\/#listItem\",\"name\":\"Presse\"}}]},{\"@type\":\"Organization\",\"@id\":\"https:\\\/\\\/www.holweide-bv.de\\\/#organization\",\"name\":\"B\\u00fcrgervereinigung Holweide\",\"url\":\"https:\\\/\\\/www.holweide-bv.de\\\/\",\"sameAs\":[\"https:\\\/\\\/www.facebook.com\\\/search\\\/top\\\/?q=brgervereinigungkln-holweidee.v.\",\"https:\\\/\\\/www.instagram.com\\\/burgervereinigungholweide\\\/\"]},{\"@type\":\"Person\",\"@id\":\"https:\\\/\\\/www.holweide-bv.de\\\/index.php\\\/author\\\/karin\\\/#author\",\"url\":\"https:\\\/\\\/www.holweide-bv.de\\\/index.php\\\/author\\\/karin\\\/\",\"name\":\"Karin Austmeyer\",\"image\":{\"@type\":\"ImageObject\",\"@id\":\"https:\\\/\\\/www.holweide-bv.de\\\/index.php\\\/2026\\\/09\\\/02\\\/holweide-troedelt-wieder-am-6-september-wird-auf-dem-holweider-marktplatz-gestoebert-und-gefeilscht\\\/#authorImage\",\"url\":\"https:\\\/\\\/secure.gravatar.com\\\/avatar\\\/9dd43533f48be781153ac9ee009f117749fc8e1ccaf95b57942f7e67596d6bdb?s=96&d=mm&r=g\",\"width\":96,\"height\":96,\"caption\":\"Karin Austmeyer\"}},{\"@type\":\"WebPage\",\"@id\":\"https:\\\/\\\/www.holweide-bv.de\\\/index.php\\\/2026\\\/09\\\/02\\\/holweide-troedelt-wieder-am-6-september-wird-auf-dem-holweider-marktplatz-gestoebert-und-gefeilscht\\\/#webpage\",\"url\":\"https:\\\/\\\/www.holweide-bv.de\\\/index.php\\\/2026\\\/09\\\/02\\\/holweide-troedelt-wieder-am-6-september-wird-auf-dem-holweider-marktplatz-gestoebert-und-gefeilscht\\\/\",\"name\":\"Holweide tr\\u00f6delt wieder: Am 6. September wird auf dem Holweider Marktplatz gest\\u00f6bert und gefeilscht - B\\u00fcrgervereinigung Holweide\",\"description\":\"Pressemitteilung K\\u00f6ln-Holweide, August 2026 \\u2013 Am Sonntag, 6. September 2026, hei\\u00dft es in Holweide wieder: \\u201eHolweide tr\\u00f6delt!\\u201c Die B\\u00fcrgervereinigung K\\u00f6ln-Holweide e.V. l\\u00e4dt von 11:00 bis 17:00 Uhr zum n\\u00e4chsten Tr\\u00f6delmarkt auf den Holweider Marktplatz ein und freut sich auf zahlreiche Besucherinnen und Besucher. Viermal im Jahr wird der Tr\\u00f6delmarkt zu einem beliebten Treffpunkt im\",\"inLanguage\":\"de-DE\",\"isPartOf\":{\"@id\":\"https:\\\/\\\/www.holweide-bv.de\\\/#website\"},\"breadcrumb\":{\"@id\":\"https:\\\/\\\/www.holweide-bv.de\\\/index.php\\\/2026\\\/09\\\/02\\\/holweide-troedelt-wieder-am-6-september-wird-auf-dem-holweider-marktplatz-gestoebert-und-gefeilscht\\\/#breadcrumblist\"},\"author\":{\"@id\":\"https:\\\/\\\/www.holweide-bv.de\\\/index.php\\\/author\\\/karin\\\/#author\"},\"creator\":{\"@id\":\"https:\\\/\\\/www.holweide-bv.de\\\/index.php\\\/author\\\/karin\\\/#author\"},\"datePublished\":\"2026-09-02T15:59:56+02:00\",\"dateModified\":\"2026-09-02T15:59:56+02:00\"},{\"@type\":\"WebSite\",\"@id\":\"https:\\\/\\\/www.holweide-bv.de\\\/#website\",\"url\":\"https:\\\/\\\/www.holweide-bv.de\\\/\",\"name\":\"B\\u00fcrgervereinigung Holweide\",\"inLanguage\":\"de-DE\",\"publisher\":{\"@id\":\"https:\\\/\\\/www.holweide-bv.de\\\/#organization\"}}]}\n\t\t<\/script>\n\t\t<!-- All in One SEO -->\n\n","aioseo_head_json":{"title":"Holweide tr\u00f6delt wieder: Am 6. September wird auf dem Holweider Marktplatz gest\u00f6bert und gefeilscht - B\u00fcrgervereinigung Holweide","description":"Pressemitteilung K\u00f6ln-Holweide, August 2026 \u2013 Am Sonntag, 6. September 2026, hei\u00dft es in Holweide wieder: \u201eHolweide tr\u00f6delt!\u201c Die B\u00fcrgervereinigung K\u00f6ln-Holweide e.V. l\u00e4dt von 11:00 bis 17:00 Uhr zum n\u00e4chsten Tr\u00f6delmarkt auf den Holweider Marktplatz ein und freut sich auf zahlreiche Besucherinnen und Besucher. Viermal im Jahr wird der Tr\u00f6delmarkt zu einem beliebten Treffpunkt im","canonical_url":"https:\/\/www.holweide-bv.de\/index.php\/2026\/09\/02\/holweide-troedelt-wieder-am-6-september-wird-auf-dem-holweider-marktplatz-gestoebert-und-gefeilscht\/","robots":"max-image-preview:large","keywords":"","webmasterTools":{"miscellaneous":""},"schema":{"@context":"https:\/\/schema.org","@graph":[{"@type":"BlogPosting","@id":"https:\/\/www.holweide-bv.de\/index.php\/2026\/09\/02\/holweide-troedelt-wieder-am-6-september-wird-auf-dem-holweider-marktplatz-gestoebert-und-gefeilscht\/#blogposting","name":"Holweide tr\u00f6delt wieder: Am 6. September wird auf dem Holweider Marktplatz gest\u00f6bert und gefeilscht - B\u00fcrgervereinigung Holweide","headline":"Holweide tr\u00f6delt wieder: Am 6. September wird auf dem Holweider Marktplatz gest\u00f6bert und gefeilscht","author":{"@id":"https:\/\/www.holweide-bv.de\/index.php\/author\/karin\/#author"},"publisher":{"@id":"https:\/\/www.holweide-bv.de\/#organization"},"datePublished":"2026-09-02T15:59:56+02:00","dateModified":"2026-09-02T15:59:56+02:00","inLanguage":"de-DE","mainEntityOfPage":{"@id":"https:\/\/www.holweide-bv.de\/index.php\/2026\/09\/02\/holweide-troedelt-wieder-am-6-september-wird-auf-dem-holweider-marktplatz-gestoebert-und-gefeilscht\/#webpage"},"isPartOf":{"@id":"https:\/\/www.holweide-bv.de\/index.php\/2026\/09\/02\/holweide-troedelt-wieder-am-6-september-wird-auf-dem-holweider-marktplatz-gestoebert-und-gefeilscht\/#webpage"},"articleSection":"Presse"},{"@type":"BreadcrumbList","@id":"https:\/\/www.holweide-bv.de\/index.php\/2026\/09\/02\/holweide-troedelt-wieder-am-6-september-wird-auf-dem-holweider-marktplatz-gestoebert-und-gefeilscht\/#breadcrumblist","itemListElement":[{"@type":"ListItem","@id":"https:\/\/www.holweide-bv.de#listItem","position":1,"name":"Home","item":"https:\/\/www.holweide-bv.de","nextItem":{"@type":"ListItem","@id":"https:\/\/www.holweide-bv.de\/index.php\/category\/presse\/#listItem","name":"Presse"}},{"@type":"ListItem","@id":"https:\/\/www.holweide-bv.de\/index.php\/category\/presse\/#listItem","position":2,"name":"Presse","item":"https:\/\/www.holweide-bv.de\/index.php\/category\/presse\/","nextItem":{"@type":"ListItem","@id":"https:\/\/www.holweide-bv.de\/index.php\/2026\/09\/02\/holweide-troedelt-wieder-am-6-september-wird-auf-dem-holweider-marktplatz-gestoebert-und-gefeilscht\/#listItem","name":"Holweide tr\u00f6delt wieder: Am 6. September wird auf dem Holweider Marktplatz gest\u00f6bert und gefeilscht"},"previousItem":{"@type":"ListItem","@id":"https:\/\/www.holweide-bv.de#listItem","name":"Home"}},{"@type":"ListItem","@id":"https:\/\/www.holweide-bv.de\/index.php\/2026\/09\/02\/holweide-troedelt-wieder-am-6-september-wird-auf-dem-holweider-marktplatz-gestoebert-und-gefeilscht\/#listItem","position":3,"name":"Holweide tr\u00f6delt wieder: Am 6. September wird auf dem Holweider Marktplatz gest\u00f6bert und gefeilscht","previousItem":{"@type":"ListItem","@id":"https:\/\/www.holweide-bv.de\/index.php\/category\/presse\/#listItem","name":"Presse"}}]},{"@type":"Organization","@id":"https:\/\/www.holweide-bv.de\/#organization","name":"B\u00fcrgervereinigung Holweide","url":"https:\/\/www.holweide-bv.de\/","sameAs":["https:\/\/www.facebook.com\/search\/top\/?q=brgervereinigungkln-holweidee.v.","https:\/\/www.instagram.com\/burgervereinigungholweide\/"]},{"@type":"Person","@id":"https:\/\/www.holweide-bv.de\/index.php\/author\/karin\/#author","url":"https:\/\/www.holweide-bv.de\/index.php\/author\/karin\/","name":"Karin Austmeyer","image":{"@type":"ImageObject","@id":"https:\/\/www.holweide-bv.de\/index.php\/2026\/09\/02\/holweide-troedelt-wieder-am-6-september-wird-auf-dem-holweider-marktplatz-gestoebert-und-gefeilscht\/#authorImage","url":"https:\/\/secure.gravatar.com\/avatar\/9dd43533f48be781153ac9ee009f117749fc8e1ccaf95b57942f7e67596d6bdb?s=96&d=mm&r=g","width":96,"height":96,"caption":"Karin Austmeyer"}},{"@type":"WebPage","@id":"https:\/\/www.holweide-bv.de\/index.php\/2026\/09\/02\/holweide-troedelt-wieder-am-6-september-wird-auf-dem-holweider-marktplatz-gestoebert-und-gefeilscht\/#webpage","url":"https:\/\/www.holweide-bv.de\/index.php\/2026\/09\/02\/holweide-troedelt-wieder-am-6-september-wird-auf-dem-holweider-marktplatz-gestoebert-und-gefeilscht\/","name":"Holweide tr\u00f6delt wieder: Am 6. September wird auf dem Holweider Marktplatz gest\u00f6bert und gefeilscht - B\u00fcrgervereinigung Holweide","description":"Pressemitteilung K\u00f6ln-Holweide, August 2026 \u2013 Am Sonntag, 6. September 2026, hei\u00dft es in Holweide wieder: \u201eHolweide tr\u00f6delt!\u201c Die B\u00fcrgervereinigung K\u00f6ln-Holweide e.V. l\u00e4dt von 11:00 bis 17:00 Uhr zum n\u00e4chsten Tr\u00f6delmarkt auf den Holweider Marktplatz ein und freut sich auf zahlreiche Besucherinnen und Besucher. Viermal im Jahr wird der Tr\u00f6delmarkt zu einem beliebten Treffpunkt im","inLanguage":"de-DE","isPartOf":{"@id":"https:\/\/www.holweide-bv.de\/#website"},"breadcrumb":{"@id":"https:\/\/www.holweide-bv.de\/index.php\/2026\/09\/02\/holweide-troedelt-wieder-am-6-september-wird-auf-dem-holweider-marktplatz-gestoebert-und-gefeilscht\/#breadcrumblist"},"author":{"@id":"https:\/\/www.holweide-bv.de\/index.php\/author\/karin\/#author"},"creator":{"@id":"https:\/\/www.holweide-bv.de\/index.php\/author\/karin\/#author"},"datePublished":"2026-09-02T15:59:56+02:00","dateModified":"2026-09-02T15:59:56+02:00"},{"@type":"WebSite","@id":"https:\/\/www.holweide-bv.de\/#website","url":"https:\/\/www.holweide-bv.de\/","name":"B\u00fcrgervereinigung Holweide","inLanguage":"de-DE","publisher":{"@id":"https:\/\/www.holweide-bv.de\/#organization"}}]},"og:locale":"de_DE","og:site_name":"B\u00fcrgervereinigung Holweide -","og:type":"article","og:title":"Holweide tr\u00f6delt wieder: Am 6. September wird auf dem Holweider Marktplatz gest\u00f6bert und gefeilscht - B\u00fcrgervereinigung Holweide","og:description":"Pressemitteilung K\u00f6ln-Holweide, August 2026 \u2013 Am Sonntag, 6. September 2026, hei\u00dft es in Holweide wieder: \u201eHolweide tr\u00f6delt!\u201c Die B\u00fcrgervereinigung K\u00f6ln-Holweide e.V. l\u00e4dt von 11:00 bis 17:00 Uhr zum n\u00e4chsten Tr\u00f6delmarkt auf den Holweider Marktplatz ein und freut sich auf zahlreiche Besucherinnen und Besucher. Viermal im Jahr wird der Tr\u00f6delmarkt zu einem beliebten Treffpunkt im","og:url":"https:\/\/www.holweide-bv.de\/index.php\/2026\/09\/02\/holweide-troedelt-wieder-am-6-september-wird-auf-dem-holweider-marktplatz-gestoebert-und-gefeilscht\/","article:published_time":"2026-09-02T13:59:56+00:00","article:modified_time":"2026-09-02T13:59:56+00:00","article:publisher":"https:\/\/www.facebook.com\/search\/top\/?q=brgervereinigungkln-holweidee.v.","twitter:card":"summary_large_image","twitter:title":"Holweide tr\u00f6delt wieder: Am 6. September wird auf dem Holweider Marktplatz gest\u00f6bert und gefeilscht - B\u00fcrgervereinigung Holweide","twitter:description":"Pressemitteilung K\u00f6ln-Holweide, August 2026 \u2013 Am Sonntag, 6. September 2026, hei\u00dft es in Holweide wieder: \u201eHolweide tr\u00f6delt!\u201c Die B\u00fcrgervereinigung K\u00f6ln-Holweide e.V. l\u00e4dt von 11:00 bis 17:00 Uhr zum n\u00e4chsten Tr\u00f6delmarkt auf den Holweider Marktplatz ein und freut sich auf zahlreiche Besucherinnen und Besucher. Viermal im Jahr wird der Tr\u00f6delmarkt zu einem beliebten Treffpunkt im"},"aioseo_meta_data":{"post_id":"2065","title":null,"description":null,"keywords":null,"keyphrases":{"focus":{"keyphrase":"","score":0,"analysis":{"keyphraseInTitle":{"score":0,"maxScore":9,"error":1}}},"additional":[]},"focus_keyword":null,"additional_keywords":null,"truseo_locale":null,"primary_term":null,"canonical_url":null,"og_title":null,"og_description":null,"og_object_type":"default","og_image_type":"default","og_image_custom_url":null,"og_image_custom_fields":null,"og_image_url":null,"og_image_width":null,"og_image_height":null,"og_video":"","og_custom_url":null,"og_article_section":null,"og_article_tags":null,"twitter_use_og":false,"twitter_card":"default","twitter_image_type":"default","twitter_image_custom_url":null,"twitter_image_custom_fields":null,"twitter_image_url":null,"twitter_title":null,"twitter_description":null,"schema_type":"default","schema_type_options":null,"schema":{"blockGraphs":[],"customGraphs":[],"default":{"data":{"Article":[],"Course":[],"Dataset":[],"FAQPage":[],"Movie":[],"Person":[],"Product":[],"ProductReview":[],"Car":[],"Recipe":[],"Service":[],"SoftwareApplication":[],"WebPage":[]},"graphName":"BlogPosting","isEnabled":true},"graphs":[]},"pillar_content":false,"robots_default":true,"robots_noindex":false,"robots_noarchive":false,"robots_nosnippet":false,"robots_nofollow":false,"robots_noimageindex":false,"robots_noodp":false,"robots_notranslate":false,"robots_max_snippet":"-1","robots_max_videopreview":"-1","robots_max_imagepreview":"large","priority":null,"frequency":"default","local_seo":null,"limit_modified_date":false,"ai":{"faqs":[],"keyPoints":[],"schemas":[],"titles":[],"descriptions":[],"socialPosts":{"email":{"subject":"","preview":"","content":""},"linkedin":[],"twitter":[],"facebook":[],"instagram":[]}},"breadcrumb_settings":null,"seo_analyzer_scan_date":null,"created":"2026-09-02 13:59:32","updated":"2026-09-02 14:58:27"},"aioseo_breadcrumb":"<div class=\"aioseo-breadcrumbs\"><span class=\"aioseo-breadcrumb\">\n\t\t\t<a href=\"https:\/\/www.holweide-bv.de\" title=\"Home\">Home<\/a>\n\t\t<\/span><span class=\"aioseo-breadcrumb-separator\">&raquo;<\/span><span class=\"aioseo-breadcrumb\">\n\t\t\t<a href=\"https:\/\/www.holweide-bv.de\/index.php\/category\/presse\/\" title=\"Presse\">Presse<\/a>\n\t\t<\/span><span class=\"aioseo-breadcrumb-separator\">&raquo;<\/span><span class=\"aioseo-breadcrumb\">\n\t\t\tHolweide tr\u00f6delt wieder: Am 6. September wird auf dem Holweider Marktplatz gest\u00f6bert und gefeilscht\n\t\t<\/span><\/div>","aioseo_breadcrumb_json":[{"label":"Home","link":"https:\/\/www.holweide-bv.de"},{"label":"Presse","link":"https:\/\/www.holweide-bv.de\/index.php\/category\/presse\/"},{"label":"Holweide tr\u00f6delt wieder: Am 6. September wird auf dem Holweider Marktplatz gest\u00f6bert und gefeilscht","link":"https:\/\/www.holweide-bv.de\/index.php\/2026\/09\/02\/holweide-troedelt-wieder-am-6-september-wird-auf-dem-holweider-marktplatz-gestoebert-und-gefeilscht\/"}],"_links":{"self":[{"href":"https:\/\/www.holweide-bv.de\/index.php\/wp-json\/wp\/v2\/posts\/2065","targetHints":{"allow":["GET"]}}],"collection":[{"href":"https:\/\/www.holweide-bv.de\/index.php\/wp-json\/wp\/v2\/posts"}],"about":[{"href":"https:\/\/www.holweide-bv.de\/index.php\/wp-json\/wp\/v2\/types\/post"}],"author":[{"embeddable":true,"href":"https:\/\/www.holweide-bv.de\/index.php\/wp-json\/wp\/v2\/users\/2"}],"replies":[{"embeddable":true,"href":"https:\/\/www.holweide-bv.de\/index.php\/wp-json\/wp\/v2\/comments?post=2065"}],"version-history":[{"count":1,"href":"https:\/\/www.holweide-bv.de\/index.php\/wp-json\/wp\/v2\/posts\/2065\/revisions"}],"predecessor-version":[{"id":2066,"href":"https:\/\/www.holweide-bv.de\/index.php\/wp-json\/wp\/v2\/posts\/2065\/revisions\/2066"}],"wp:attachment":[{"href":"https:\/\/www.holweide-bv.de\/index.php\/wp-json\/wp\/v2\/media?parent=2065"}],"wp:term":[{"taxonomy":"category","embeddable":true,"href":"https:\/\/www.holweide-bv.de\/index.php\/wp-json\/wp\/v2\/categories?post=2065"},{"taxonomy":"post_tag","embeddable":true,"href":"https:\/\/www.holweide-bv.de\/index.php\/wp-json\/wp\/v2\/tags?post=2065"}],"curies":[{"name":"wp","href":"https:\/\/api.w.org\/{rel}","templated":true}]}}