{"id":2079,"date":"2026-09-04T11:02:15","date_gmt":"2026-09-04T09:02:15","guid":{"rendered":"https:\/\/www.holweide-bv.de\/?p=2079"},"modified":"2026-09-04T11:14:29","modified_gmt":"2026-09-04T09:14:29","slug":"nicht-vergessen-holweide-troedelt-am-sonntag","status":"publish","type":"post","link":"https:\/\/www.holweide-bv.de\/index.php\/2026\/09\/04\/nicht-vergessen-holweide-troedelt-am-sonntag\/","title":{"rendered":"Nicht vergessen: Holweide tr\u00f6delt am Sonntag!"},"content":{"rendered":"<p>&nbsp;<\/p>\n<h5 class=\"isSelectedEnd\" style=\"text-align: center;\">Der Countdown l\u00e4uft! Am Sonntag, 6. September 2026, hei\u00dft es wieder: Holweide tr\u00f6delt!<\/h5>\n<p class=\"isSelectedEnd\" style=\"text-align: center;\">Die Wettervorhersage meint es gut mit uns! Es sieht nach einem sch\u00f6nen Sonntag aus, also beste Voraussetzungen, um gem\u00fctlich \u00fcber den Holweider Marktplatz zu schlendern, zu st\u00f6bern, das eine oder andere Schn\u00e4ppchen zu entdecken und vielleicht auch ein kleines Schw\u00e4tzchen mit den Nachbarn zu halten.<\/p>\n<p class=\"isSelectedEnd\" style=\"text-align: center;\">\u00a0<strong>Sonntag, 6. September 2026<\/strong><br \/>\n<strong>11:00 bis 17:00 Uhr<\/strong><br \/>\n<strong>Holweider Marktplatz<\/strong><\/p>\n<p class=\"isSelectedEnd\" style=\"text-align: center;\">Viermal im Jahr wird in Holweide getr\u00f6delt \u2013 und jeder Markt hat seine eigenen kleinen Sch\u00e4tze zu bieten. Vielleicht wartet diesmal genau das auf Euch, von dem Ihr bisher gar nicht wusstet, dass Ihr es sucht.<\/p>\n<h5 class=\"isSelectedEnd\" style=\"text-align: center;\">Sonne genie\u00dfen, Tr\u00f6del entdecken und gemeinsam einen sch\u00f6nen Sonntag im Veedel verbringen!<\/h5>\n<p class=\"isSelectedEnd\" style=\"text-align: center;\">Wir freuen uns auf Euch!<\/p>\n<p style=\"text-align: center;\"><strong>Hollwigg zesamme \u2013 Gemeinschaft leben.\u00a0<\/strong><\/p>\n","protected":false},"excerpt":{"rendered":"<p>&nbsp; Der Countdown l\u00e4uft! Am Sonntag, 6. September 2026, hei\u00dft es wieder: Holweide tr\u00f6delt! Die Wettervorhersage meint es gut mit uns! Es sieht nach einem sch\u00f6nen Sonntag aus, also beste Voraussetzungen, um gem\u00fctlich \u00fcber den Holweider Marktplatz zu schlendern, zu st\u00f6bern, das eine oder andere Schn\u00e4ppchen zu entdecken und vielleicht auch ein kleines Schw\u00e4tzchen mit den Nachbarn zu halten. \u00a0Sonntag, 6. September 2026 11:00 bis 17:00 Uhr Holweider Marktplatz Viermal im Jahr wird in Holweide getr\u00f6delt \u2013 und jeder Markt hat seine eigenen kleinen Sch\u00e4tze zu bieten. Vielleicht wartet diesmal genau das auf Euch, von dem Ihr bisher gar nicht wusstet, dass Ihr es sucht. Sonne genie\u00dfen, Tr\u00f6del entdecken und gemeinsam einen sch\u00f6nen Sonntag im Veedel verbringen! Wir freuen uns auf Euch! Hollwigg zesamme \u2013 Gemeinschaft leben.\u00a0<\/p>\n","protected":false},"author":2,"featured_media":0,"comment_status":"open","ping_status":"open","sticky":false,"template":"","format":"standard","meta":{"footnotes":""},"categories":[43],"tags":[112],"class_list":["post-2079","post","type-post","status-publish","format-standard","hentry","category-holweide-troedelt","tag-holweidetroedelt-troedelmarktholweide-holweide-koelnholweide-flohmarktkoeln-hollwiggzesamme"],"aioseo_notices":[],"aioseo_head":"\n\t\t<!-- All in One SEO 5.0.1.1 - aioseo.com -->\n\t<meta name=\"description\" content=\"Der Countdown l\u00e4uft! Am Sonntag, 6. September 2026, hei\u00dft es wieder: Holweide tr\u00f6delt! Die Wettervorhersage meint es gut mit uns! Es sieht nach einem sch\u00f6nen Sonntag aus, also beste Voraussetzungen, um gem\u00fctlich \u00fcber den Holweider Marktplatz zu schlendern, zu st\u00f6bern, das eine oder andere Schn\u00e4ppchen zu entdecken und vielleicht auch ein kleines Schw\u00e4tzchen mit\" \/>\n\t<meta name=\"robots\" content=\"max-image-preview:large\" \/>\n\t<meta name=\"author\" content=\"Karin Austmeyer\"\/>\n\t<link rel=\"canonical\" href=\"https:\/\/www.holweide-bv.de\/index.php\/2026\/09\/04\/nicht-vergessen-holweide-troedelt-am-sonntag\/\" \/>\n\t<meta name=\"generator\" content=\"All in One SEO (AIOSEO) 5.0.1.1\" \/>\n\t\t<meta property=\"og:locale\" content=\"de_DE\" \/>\n\t\t<meta property=\"og:site_name\" content=\"B\u00fcrgervereinigung Holweide -\" \/>\n\t\t<meta property=\"og:type\" content=\"article\" \/>\n\t\t<meta property=\"og:title\" content=\"Nicht vergessen: Holweide tr\u00f6delt am Sonntag! - B\u00fcrgervereinigung Holweide\" \/>\n\t\t<meta property=\"og:description\" content=\"Der Countdown l\u00e4uft! Am Sonntag, 6. September 2026, hei\u00dft es wieder: Holweide tr\u00f6delt! Die Wettervorhersage meint es gut mit uns! Es sieht nach einem sch\u00f6nen Sonntag aus, also beste Voraussetzungen, um gem\u00fctlich \u00fcber den Holweider Marktplatz zu schlendern, zu st\u00f6bern, das eine oder andere Schn\u00e4ppchen zu entdecken und vielleicht auch ein kleines Schw\u00e4tzchen mit\" \/>\n\t\t<meta property=\"og:url\" content=\"https:\/\/www.holweide-bv.de\/index.php\/2026\/09\/04\/nicht-vergessen-holweide-troedelt-am-sonntag\/\" \/>\n\t\t<meta property=\"article:published_time\" content=\"2026-09-04T09:02:15+00:00\" \/>\n\t\t<meta property=\"article:modified_time\" content=\"2026-09-04T09:14:29+00:00\" \/>\n\t\t<meta property=\"article:publisher\" content=\"https:\/\/www.facebook.com\/search\/top\/?q=brgervereinigungkln-holweidee.v.\" \/>\n\t\t<meta name=\"twitter:card\" content=\"summary_large_image\" \/>\n\t\t<meta name=\"twitter:title\" content=\"Nicht vergessen: Holweide tr\u00f6delt am Sonntag! - B\u00fcrgervereinigung Holweide\" \/>\n\t\t<meta name=\"twitter:description\" content=\"Der Countdown l\u00e4uft! Am Sonntag, 6. September 2026, hei\u00dft es wieder: Holweide tr\u00f6delt! Die Wettervorhersage meint es gut mit uns! Es sieht nach einem sch\u00f6nen Sonntag aus, also beste Voraussetzungen, um gem\u00fctlich \u00fcber den Holweider Marktplatz zu schlendern, zu st\u00f6bern, das eine oder andere Schn\u00e4ppchen zu entdecken und vielleicht auch ein kleines Schw\u00e4tzchen mit\" \/>\n\t\t<script type=\"application\/ld+json\" class=\"aioseo-schema\">\n\t\t\t{\"@context\":\"https:\\\/\\\/schema.org\",\"@graph\":[{\"@type\":\"BlogPosting\",\"@id\":\"https:\\\/\\\/www.holweide-bv.de\\\/index.php\\\/2026\\\/09\\\/04\\\/nicht-vergessen-holweide-troedelt-am-sonntag\\\/#blogposting\",\"name\":\"Nicht vergessen: Holweide tr\\u00f6delt am Sonntag! - B\\u00fcrgervereinigung Holweide\",\"headline\":\"Nicht vergessen: Holweide tr\\u00f6delt am Sonntag!\",\"author\":{\"@id\":\"https:\\\/\\\/www.holweide-bv.de\\\/index.php\\\/author\\\/karin\\\/#author\"},\"publisher\":{\"@id\":\"https:\\\/\\\/www.holweide-bv.de\\\/#organization\"},\"datePublished\":\"2026-09-04T11:02:15+02:00\",\"dateModified\":\"2026-09-04T11:14:29+02:00\",\"inLanguage\":\"de-DE\",\"mainEntityOfPage\":{\"@id\":\"https:\\\/\\\/www.holweide-bv.de\\\/index.php\\\/2026\\\/09\\\/04\\\/nicht-vergessen-holweide-troedelt-am-sonntag\\\/#webpage\"},\"isPartOf\":{\"@id\":\"https:\\\/\\\/www.holweide-bv.de\\\/index.php\\\/2026\\\/09\\\/04\\\/nicht-vergessen-holweide-troedelt-am-sonntag\\\/#webpage\"},\"articleSection\":\"Holweide tr\\u00f6delt, #HolweideTr\\u00f6delt #Tr\\u00f6delmarktHolweide #Holweide #K\\u00f6lnHolweide #FlohmarktK\\u00f6ln #HollwiggZesamme\"},{\"@type\":\"BreadcrumbList\",\"@id\":\"https:\\\/\\\/www.holweide-bv.de\\\/index.php\\\/2026\\\/09\\\/04\\\/nicht-vergessen-holweide-troedelt-am-sonntag\\\/#breadcrumblist\",\"itemListElement\":[{\"@type\":\"ListItem\",\"@id\":\"https:\\\/\\\/www.holweide-bv.de#listItem\",\"position\":1,\"name\":\"Home\",\"item\":\"https:\\\/\\\/www.holweide-bv.de\",\"nextItem\":{\"@type\":\"ListItem\",\"@id\":\"https:\\\/\\\/www.holweide-bv.de\\\/index.php\\\/category\\\/holweide-troedelt\\\/#listItem\",\"name\":\"Holweide tr\\u00f6delt\"}},{\"@type\":\"ListItem\",\"@id\":\"https:\\\/\\\/www.holweide-bv.de\\\/index.php\\\/category\\\/holweide-troedelt\\\/#listItem\",\"position\":2,\"name\":\"Holweide tr\\u00f6delt\",\"item\":\"https:\\\/\\\/www.holweide-bv.de\\\/index.php\\\/category\\\/holweide-troedelt\\\/\",\"nextItem\":{\"@type\":\"ListItem\",\"@id\":\"https:\\\/\\\/www.holweide-bv.de\\\/index.php\\\/2026\\\/09\\\/04\\\/nicht-vergessen-holweide-troedelt-am-sonntag\\\/#listItem\",\"name\":\"Nicht vergessen: Holweide tr\\u00f6delt am Sonntag!\"},\"previousItem\":{\"@type\":\"ListItem\",\"@id\":\"https:\\\/\\\/www.holweide-bv.de#listItem\",\"name\":\"Home\"}},{\"@type\":\"ListItem\",\"@id\":\"https:\\\/\\\/www.holweide-bv.de\\\/index.php\\\/2026\\\/09\\\/04\\\/nicht-vergessen-holweide-troedelt-am-sonntag\\\/#listItem\",\"position\":3,\"name\":\"Nicht vergessen: Holweide tr\\u00f6delt am Sonntag!\",\"previousItem\":{\"@type\":\"ListItem\",\"@id\":\"https:\\\/\\\/www.holweide-bv.de\\\/index.php\\\/category\\\/holweide-troedelt\\\/#listItem\",\"name\":\"Holweide tr\\u00f6delt\"}}]},{\"@type\":\"Organization\",\"@id\":\"https:\\\/\\\/www.holweide-bv.de\\\/#organization\",\"name\":\"B\\u00fcrgervereinigung Holweide\",\"url\":\"https:\\\/\\\/www.holweide-bv.de\\\/\",\"sameAs\":[\"https:\\\/\\\/www.facebook.com\\\/search\\\/top\\\/?q=brgervereinigungkln-holweidee.v.\",\"https:\\\/\\\/www.instagram.com\\\/burgervereinigungholweide\\\/\"]},{\"@type\":\"Person\",\"@id\":\"https:\\\/\\\/www.holweide-bv.de\\\/index.php\\\/author\\\/karin\\\/#author\",\"url\":\"https:\\\/\\\/www.holweide-bv.de\\\/index.php\\\/author\\\/karin\\\/\",\"name\":\"Karin Austmeyer\",\"image\":{\"@type\":\"ImageObject\",\"@id\":\"https:\\\/\\\/www.holweide-bv.de\\\/index.php\\\/2026\\\/09\\\/04\\\/nicht-vergessen-holweide-troedelt-am-sonntag\\\/#authorImage\",\"url\":\"https:\\\/\\\/secure.gravatar.com\\\/avatar\\\/9dd43533f48be781153ac9ee009f117749fc8e1ccaf95b57942f7e67596d6bdb?s=96&d=mm&r=g\",\"width\":96,\"height\":96,\"caption\":\"Karin Austmeyer\"}},{\"@type\":\"WebPage\",\"@id\":\"https:\\\/\\\/www.holweide-bv.de\\\/index.php\\\/2026\\\/09\\\/04\\\/nicht-vergessen-holweide-troedelt-am-sonntag\\\/#webpage\",\"url\":\"https:\\\/\\\/www.holweide-bv.de\\\/index.php\\\/2026\\\/09\\\/04\\\/nicht-vergessen-holweide-troedelt-am-sonntag\\\/\",\"name\":\"Nicht vergessen: Holweide tr\\u00f6delt am Sonntag! - B\\u00fcrgervereinigung Holweide\",\"description\":\"Der Countdown l\\u00e4uft! Am Sonntag, 6. September 2026, hei\\u00dft es wieder: Holweide tr\\u00f6delt! Die Wettervorhersage meint es gut mit uns! Es sieht nach einem sch\\u00f6nen Sonntag aus, also beste Voraussetzungen, um gem\\u00fctlich \\u00fcber den Holweider Marktplatz zu schlendern, zu st\\u00f6bern, das eine oder andere Schn\\u00e4ppchen zu entdecken und vielleicht auch ein kleines Schw\\u00e4tzchen mit\",\"inLanguage\":\"de-DE\",\"isPartOf\":{\"@id\":\"https:\\\/\\\/www.holweide-bv.de\\\/#website\"},\"breadcrumb\":{\"@id\":\"https:\\\/\\\/www.holweide-bv.de\\\/index.php\\\/2026\\\/09\\\/04\\\/nicht-vergessen-holweide-troedelt-am-sonntag\\\/#breadcrumblist\"},\"author\":{\"@id\":\"https:\\\/\\\/www.holweide-bv.de\\\/index.php\\\/author\\\/karin\\\/#author\"},\"creator\":{\"@id\":\"https:\\\/\\\/www.holweide-bv.de\\\/index.php\\\/author\\\/karin\\\/#author\"},\"datePublished\":\"2026-09-04T11:02:15+02:00\",\"dateModified\":\"2026-09-04T11:14:29+02:00\"},{\"@type\":\"WebSite\",\"@id\":\"https:\\\/\\\/www.holweide-bv.de\\\/#website\",\"url\":\"https:\\\/\\\/www.holweide-bv.de\\\/\",\"name\":\"B\\u00fcrgervereinigung Holweide\",\"inLanguage\":\"de-DE\",\"publisher\":{\"@id\":\"https:\\\/\\\/www.holweide-bv.de\\\/#organization\"}}]}\n\t\t<\/script>\n\t\t<!-- All in One SEO -->\n\n","aioseo_head_json":{"title":"Nicht vergessen: Holweide tr\u00f6delt am Sonntag! - B\u00fcrgervereinigung Holweide","description":"Der Countdown l\u00e4uft! Am Sonntag, 6. September 2026, hei\u00dft es wieder: Holweide tr\u00f6delt! Die Wettervorhersage meint es gut mit uns! Es sieht nach einem sch\u00f6nen Sonntag aus, also beste Voraussetzungen, um gem\u00fctlich \u00fcber den Holweider Marktplatz zu schlendern, zu st\u00f6bern, das eine oder andere Schn\u00e4ppchen zu entdecken und vielleicht auch ein kleines Schw\u00e4tzchen mit","canonical_url":"https:\/\/www.holweide-bv.de\/index.php\/2026\/09\/04\/nicht-vergessen-holweide-troedelt-am-sonntag\/","robots":"max-image-preview:large","keywords":"","webmasterTools":{"miscellaneous":""},"schema":{"@context":"https:\/\/schema.org","@graph":[{"@type":"BlogPosting","@id":"https:\/\/www.holweide-bv.de\/index.php\/2026\/09\/04\/nicht-vergessen-holweide-troedelt-am-sonntag\/#blogposting","name":"Nicht vergessen: Holweide tr\u00f6delt am Sonntag! - B\u00fcrgervereinigung Holweide","headline":"Nicht vergessen: Holweide tr\u00f6delt am Sonntag!","author":{"@id":"https:\/\/www.holweide-bv.de\/index.php\/author\/karin\/#author"},"publisher":{"@id":"https:\/\/www.holweide-bv.de\/#organization"},"datePublished":"2026-09-04T11:02:15+02:00","dateModified":"2026-09-04T11:14:29+02:00","inLanguage":"de-DE","mainEntityOfPage":{"@id":"https:\/\/www.holweide-bv.de\/index.php\/2026\/09\/04\/nicht-vergessen-holweide-troedelt-am-sonntag\/#webpage"},"isPartOf":{"@id":"https:\/\/www.holweide-bv.de\/index.php\/2026\/09\/04\/nicht-vergessen-holweide-troedelt-am-sonntag\/#webpage"},"articleSection":"Holweide tr\u00f6delt, #HolweideTr\u00f6delt #Tr\u00f6delmarktHolweide #Holweide #K\u00f6lnHolweide #FlohmarktK\u00f6ln #HollwiggZesamme"},{"@type":"BreadcrumbList","@id":"https:\/\/www.holweide-bv.de\/index.php\/2026\/09\/04\/nicht-vergessen-holweide-troedelt-am-sonntag\/#breadcrumblist","itemListElement":[{"@type":"ListItem","@id":"https:\/\/www.holweide-bv.de#listItem","position":1,"name":"Home","item":"https:\/\/www.holweide-bv.de","nextItem":{"@type":"ListItem","@id":"https:\/\/www.holweide-bv.de\/index.php\/category\/holweide-troedelt\/#listItem","name":"Holweide tr\u00f6delt"}},{"@type":"ListItem","@id":"https:\/\/www.holweide-bv.de\/index.php\/category\/holweide-troedelt\/#listItem","position":2,"name":"Holweide tr\u00f6delt","item":"https:\/\/www.holweide-bv.de\/index.php\/category\/holweide-troedelt\/","nextItem":{"@type":"ListItem","@id":"https:\/\/www.holweide-bv.de\/index.php\/2026\/09\/04\/nicht-vergessen-holweide-troedelt-am-sonntag\/#listItem","name":"Nicht vergessen: Holweide tr\u00f6delt am Sonntag!"},"previousItem":{"@type":"ListItem","@id":"https:\/\/www.holweide-bv.de#listItem","name":"Home"}},{"@type":"ListItem","@id":"https:\/\/www.holweide-bv.de\/index.php\/2026\/09\/04\/nicht-vergessen-holweide-troedelt-am-sonntag\/#listItem","position":3,"name":"Nicht vergessen: Holweide tr\u00f6delt am Sonntag!","previousItem":{"@type":"ListItem","@id":"https:\/\/www.holweide-bv.de\/index.php\/category\/holweide-troedelt\/#listItem","name":"Holweide tr\u00f6delt"}}]},{"@type":"Organization","@id":"https:\/\/www.holweide-bv.de\/#organization","name":"B\u00fcrgervereinigung Holweide","url":"https:\/\/www.holweide-bv.de\/","sameAs":["https:\/\/www.facebook.com\/search\/top\/?q=brgervereinigungkln-holweidee.v.","https:\/\/www.instagram.com\/burgervereinigungholweide\/"]},{"@type":"Person","@id":"https:\/\/www.holweide-bv.de\/index.php\/author\/karin\/#author","url":"https:\/\/www.holweide-bv.de\/index.php\/author\/karin\/","name":"Karin Austmeyer","image":{"@type":"ImageObject","@id":"https:\/\/www.holweide-bv.de\/index.php\/2026\/09\/04\/nicht-vergessen-holweide-troedelt-am-sonntag\/#authorImage","url":"https:\/\/secure.gravatar.com\/avatar\/9dd43533f48be781153ac9ee009f117749fc8e1ccaf95b57942f7e67596d6bdb?s=96&d=mm&r=g","width":96,"height":96,"caption":"Karin Austmeyer"}},{"@type":"WebPage","@id":"https:\/\/www.holweide-bv.de\/index.php\/2026\/09\/04\/nicht-vergessen-holweide-troedelt-am-sonntag\/#webpage","url":"https:\/\/www.holweide-bv.de\/index.php\/2026\/09\/04\/nicht-vergessen-holweide-troedelt-am-sonntag\/","name":"Nicht vergessen: Holweide tr\u00f6delt am Sonntag! - B\u00fcrgervereinigung Holweide","description":"Der Countdown l\u00e4uft! Am Sonntag, 6. September 2026, hei\u00dft es wieder: Holweide tr\u00f6delt! Die Wettervorhersage meint es gut mit uns! Es sieht nach einem sch\u00f6nen Sonntag aus, also beste Voraussetzungen, um gem\u00fctlich \u00fcber den Holweider Marktplatz zu schlendern, zu st\u00f6bern, das eine oder andere Schn\u00e4ppchen zu entdecken und vielleicht auch ein kleines Schw\u00e4tzchen mit","inLanguage":"de-DE","isPartOf":{"@id":"https:\/\/www.holweide-bv.de\/#website"},"breadcrumb":{"@id":"https:\/\/www.holweide-bv.de\/index.php\/2026\/09\/04\/nicht-vergessen-holweide-troedelt-am-sonntag\/#breadcrumblist"},"author":{"@id":"https:\/\/www.holweide-bv.de\/index.php\/author\/karin\/#author"},"creator":{"@id":"https:\/\/www.holweide-bv.de\/index.php\/author\/karin\/#author"},"datePublished":"2026-09-04T11:02:15+02:00","dateModified":"2026-09-04T11:14:29+02:00"},{"@type":"WebSite","@id":"https:\/\/www.holweide-bv.de\/#website","url":"https:\/\/www.holweide-bv.de\/","name":"B\u00fcrgervereinigung Holweide","inLanguage":"de-DE","publisher":{"@id":"https:\/\/www.holweide-bv.de\/#organization"}}]},"og:locale":"de_DE","og:site_name":"B\u00fcrgervereinigung Holweide -","og:type":"article","og:title":"Nicht vergessen: Holweide tr\u00f6delt am Sonntag! - B\u00fcrgervereinigung Holweide","og:description":"Der Countdown l\u00e4uft! Am Sonntag, 6. September 2026, hei\u00dft es wieder: Holweide tr\u00f6delt! Die Wettervorhersage meint es gut mit uns! Es sieht nach einem sch\u00f6nen Sonntag aus, also beste Voraussetzungen, um gem\u00fctlich \u00fcber den Holweider Marktplatz zu schlendern, zu st\u00f6bern, das eine oder andere Schn\u00e4ppchen zu entdecken und vielleicht auch ein kleines Schw\u00e4tzchen mit","og:url":"https:\/\/www.holweide-bv.de\/index.php\/2026\/09\/04\/nicht-vergessen-holweide-troedelt-am-sonntag\/","article:published_time":"2026-09-04T09:02:15+00:00","article:modified_time":"2026-09-04T09:14:29+00:00","article:publisher":"https:\/\/www.facebook.com\/search\/top\/?q=brgervereinigungkln-holweidee.v.","twitter:card":"summary_large_image","twitter:title":"Nicht vergessen: Holweide tr\u00f6delt am Sonntag! - B\u00fcrgervereinigung Holweide","twitter:description":"Der Countdown l\u00e4uft! Am Sonntag, 6. September 2026, hei\u00dft es wieder: Holweide tr\u00f6delt! Die Wettervorhersage meint es gut mit uns! Es sieht nach einem sch\u00f6nen Sonntag aus, also beste Voraussetzungen, um gem\u00fctlich \u00fcber den Holweider Marktplatz zu schlendern, zu st\u00f6bern, das eine oder andere Schn\u00e4ppchen zu entdecken und vielleicht auch ein kleines Schw\u00e4tzchen mit"},"aioseo_meta_data":{"post_id":"2079","title":null,"description":null,"keywords":null,"keyphrases":{"focus":{"keyphrase":"","score":0,"analysis":{"keyphraseInTitle":{"score":0,"maxScore":9,"error":1}}},"additional":[]},"focus_keyword":null,"additional_keywords":null,"truseo_locale":null,"primary_term":null,"canonical_url":null,"og_title":null,"og_description":null,"og_object_type":"default","og_image_type":"default","og_image_custom_url":null,"og_image_custom_fields":null,"og_image_url":null,"og_image_width":null,"og_image_height":null,"og_video":"","og_custom_url":null,"og_article_section":null,"og_article_tags":null,"twitter_use_og":false,"twitter_card":"default","twitter_image_type":"default","twitter_image_custom_url":null,"twitter_image_custom_fields":null,"twitter_image_url":null,"twitter_title":null,"twitter_description":null,"schema_type":"default","schema_type_options":null,"schema":{"blockGraphs":[],"customGraphs":[],"default":{"data":{"Article":[],"Course":[],"Dataset":[],"FAQPage":[],"Movie":[],"Person":[],"Product":[],"ProductReview":[],"Car":[],"Recipe":[],"Service":[],"SoftwareApplication":[],"WebPage":[]},"graphName":"BlogPosting","isEnabled":true},"graphs":[]},"pillar_content":false,"robots_default":true,"robots_noindex":false,"robots_noarchive":false,"robots_nosnippet":false,"robots_nofollow":false,"robots_noimageindex":false,"robots_noodp":false,"robots_notranslate":false,"robots_max_snippet":"-1","robots_max_videopreview":"-1","robots_max_imagepreview":"large","priority":null,"frequency":"default","local_seo":null,"limit_modified_date":false,"ai":{"faqs":[],"keyPoints":[],"schemas":[],"titles":[],"descriptions":[],"socialPosts":{"email":{"subject":"","preview":"","content":""},"linkedin":[],"twitter":[],"facebook":[],"instagram":[]}},"breadcrumb_settings":null,"seo_analyzer_scan_date":null,"created":"2026-09-04 09:00:41","updated":"2026-09-04 10:03:19"},"aioseo_breadcrumb":"<div class=\"aioseo-breadcrumbs\"><span class=\"aioseo-breadcrumb\">\n\t\t\t<a href=\"https:\/\/www.holweide-bv.de\" title=\"Home\">Home<\/a>\n\t\t<\/span><span class=\"aioseo-breadcrumb-separator\">&raquo;<\/span><span class=\"aioseo-breadcrumb\">\n\t\t\t<a href=\"https:\/\/www.holweide-bv.de\/index.php\/category\/holweide-troedelt\/\" title=\"Holweide tr\u00f6delt\">Holweide tr\u00f6delt<\/a>\n\t\t<\/span><span class=\"aioseo-breadcrumb-separator\">&raquo;<\/span><span class=\"aioseo-breadcrumb\">\n\t\t\tNicht vergessen: Holweide tr\u00f6delt am Sonntag!\n\t\t<\/span><\/div>","aioseo_breadcrumb_json":[{"label":"Home","link":"https:\/\/www.holweide-bv.de"},{"label":"Holweide tr\u00f6delt","link":"https:\/\/www.holweide-bv.de\/index.php\/category\/holweide-troedelt\/"},{"label":"Nicht vergessen: Holweide tr\u00f6delt am Sonntag!","link":"https:\/\/www.holweide-bv.de\/index.php\/2026\/09\/04\/nicht-vergessen-holweide-troedelt-am-sonntag\/"}],"_links":{"self":[{"href":"https:\/\/www.holweide-bv.de\/index.php\/wp-json\/wp\/v2\/posts\/2079","targetHints":{"allow":["GET"]}}],"collection":[{"href":"https:\/\/www.holweide-bv.de\/index.php\/wp-json\/wp\/v2\/posts"}],"about":[{"href":"https:\/\/www.holweide-bv.de\/index.php\/wp-json\/wp\/v2\/types\/post"}],"author":[{"embeddable":true,"href":"https:\/\/www.holweide-bv.de\/index.php\/wp-json\/wp\/v2\/users\/2"}],"replies":[{"embeddable":true,"href":"https:\/\/www.holweide-bv.de\/index.php\/wp-json\/wp\/v2\/comments?post=2079"}],"version-history":[{"count":3,"href":"https:\/\/www.holweide-bv.de\/index.php\/wp-json\/wp\/v2\/posts\/2079\/revisions"}],"predecessor-version":[{"id":2082,"href":"https:\/\/www.holweide-bv.de\/index.php\/wp-json\/wp\/v2\/posts\/2079\/revisions\/2082"}],"wp:attachment":[{"href":"https:\/\/www.holweide-bv.de\/index.php\/wp-json\/wp\/v2\/media?parent=2079"}],"wp:term":[{"taxonomy":"category","embeddable":true,"href":"https:\/\/www.holweide-bv.de\/index.php\/wp-json\/wp\/v2\/categories?post=2079"},{"taxonomy":"post_tag","embeddable":true,"href":"https:\/\/www.holweide-bv.de\/index.php\/wp-json\/wp\/v2\/tags?post=2079"}],"curies":[{"name":"wp","href":"https:\/\/api.w.org\/{rel}","templated":true}]}}